{"id":8999,"date":"2023-03-01T05:10:15","date_gmt":"2023-03-01T10:10:15","guid":{"rendered":"https:\/\/jlegal.pt\/?p=8999"},"modified":"2023-03-01T05:10:15","modified_gmt":"2023-03-01T10:10:15","slug":"jlegal-recebe-luis-paixao-martins-para-a-10o-edicao-das-jtalks","status":"publish","type":"post","link":"https:\/\/jlegal.pt\/en\/jlegal-recebe-luis-paixao-martins-para-a-10o-edicao-das-jtalks\/","title":{"rendered":"J+Legal recebe Lu\u00eds Paix\u00e3o Martins para a 10\u00ba Edi\u00e7\u00e3o das J+Talks"},"content":{"rendered":"<p><a role=\"button\" href=\"https:\/\/jlegal.pt\/en\/news\/\"><br \/>\nGo back<br \/>\n<\/a><\/p>\n<h1>J+Legal recebe Lu\u00eds Paix\u00e3o Martins para a 10\u00ba Edi\u00e7\u00e3o das J+Talks<\/h1>\n<h2>01 de mar\u00e7o 2023<\/h2>\n<p>E assim, num instantinho, cheg\u00e1mos \u00e0 d\u00e9cima edi\u00e7\u00e3o das <strong>J+Talks<\/strong>. Como todas as datas redondas merecem comemora\u00e7\u00e3o, tivemos o gosto de receber ontem o Lu\u00eds Paix\u00e3o Martins, consultor de comunica\u00e7\u00e3o e fundador da LPM Comunica\u00e7\u00e3o que, nos tempos que correm, vai sendo mais conhecido pelo seu recente livro \u201cComo Perder uma Elei\u00e7\u00e3o\u201d e pelo trabalho de apoio \u00e0 comunica\u00e7\u00e3o das campanhas eleitorais de Cavaco Silva, Jos\u00e9 S\u00f3crates e Ant\u00f3nio Costa. E assim um grupo de Advogados passou uma tarde a falar de comunica\u00e7\u00e3o pol\u00edtica e a aprender o como \u00e9 o fascinante dia a dia de uma campanha eleitoral. Foi um par de horas muito bom e temos a agradecer ao Lu\u00eds a sua enorme disponibilidade e a sua infinita paci\u00eancia para responder ao mar de quest\u00f5es que surgiram. Quase n\u00e3o o deix\u00e1vamos ir embora.<\/p>\n<p>&nbsp;<\/p>\n<p><img loading=\"lazy\" decoding=\"async\" class=\"wp-image-9000 aligncenter\" src=\"https:\/\/jlegal.pt\/wp-content\/uploads\/2023\/03\/IMG_1038-768x380.jpg\" alt=\"\" width=\"979\" height=\"483\" \/><\/p>","protected":false},"excerpt":{"rendered":"<p>J+Legal recebe Ros\u00e1lia Amorim para a 9\u00ba Edi\u00e7\u00e3o das J+Talks<\/p>","protected":false},"author":1,"featured_media":9000,"comment_status":"open","ping_status":"open","sticky":false,"template":"","format":"standard","meta":{"footnotes":""},"categories":[5],"tags":[],"class_list":["post-8999","post","type-post","status-publish","format-standard","has-post-thumbnail","hentry","category-noticias"],"aioseo_notices":[],"acf":[],"_links":{"self":[{"href":"https:\/\/jlegal.pt\/en\/wp-json\/wp\/v2\/posts\/8999","targetHints":{"allow":["GET"]}}],"collection":[{"href":"https:\/\/jlegal.pt\/en\/wp-json\/wp\/v2\/posts"}],"about":[{"href":"https:\/\/jlegal.pt\/en\/wp-json\/wp\/v2\/types\/post"}],"author":[{"embeddable":true,"href":"https:\/\/jlegal.pt\/en\/wp-json\/wp\/v2\/users\/1"}],"replies":[{"embeddable":true,"href":"https:\/\/jlegal.pt\/en\/wp-json\/wp\/v2\/comments?post=8999"}],"version-history":[{"count":1,"href":"https:\/\/jlegal.pt\/en\/wp-json\/wp\/v2\/posts\/8999\/revisions"}],"predecessor-version":[{"id":9002,"href":"https:\/\/jlegal.pt\/en\/wp-json\/wp\/v2\/posts\/8999\/revisions\/9002"}],"wp:featuredmedia":[{"embeddable":true,"href":"https:\/\/jlegal.pt\/en\/wp-json\/wp\/v2\/media\/9000"}],"wp:attachment":[{"href":"https:\/\/jlegal.pt\/en\/wp-json\/wp\/v2\/media?parent=8999"}],"wp:term":[{"taxonomy":"category","embeddable":true,"href":"https:\/\/jlegal.pt\/en\/wp-json\/wp\/v2\/categories?post=8999"},{"taxonomy":"post_tag","embeddable":true,"href":"https:\/\/jlegal.pt\/en\/wp-json\/wp\/v2\/tags?post=8999"}],"curies":[{"name":"wp","href":"https:\/\/api.w.org\/{rel}","templated":true}]}}