{"id":9009,"date":"2023-03-08T05:30:52","date_gmt":"2023-03-08T10:30:52","guid":{"rendered":"https:\/\/jlegal.pt\/?p=9009"},"modified":"2023-03-08T05:30:52","modified_gmt":"2023-03-08T10:30:52","slug":"filipa-arantes-pedroso-no-jornal-de-negocios","status":"publish","type":"post","link":"https:\/\/jlegal.pt\/en\/filipa-arantes-pedroso-no-jornal-de-negocios\/","title":{"rendered":"Filipa Arantes Pedroso no Jornal de Neg\u00f3cios"},"content":{"rendered":"<p><a role=\"button\" href=\"https:\/\/jlegal.pt\/en\/news\/\">Go back<br \/>\n<\/a><\/p>\n<h1 class=\"elementor-heading-title elementor-size-default\">Filipa Arantes Pedroso no Jornal de Neg\u00f3cios<\/h1>\n<h2>08 de mar\u00e7o 2023<b><\/b><\/h2>\n<p><strong><a href=\"https:\/\/jlegal.pt\/en\/equipa\/filipa-arantes-pedroso\/\">Filipa Arantes Pedroso<\/a><\/strong>, s\u00f3cia respons\u00e1vel pela \u00e1rea de <em>Real Estate and Planning<\/em>, foi convidada a comentar o pacote &#8220;Mais Habita\u00e7\u00e3o&#8221; apresentado pelo Governo como resposta \u00e0 crise que se sente no setor.<\/p>\n<p><a href=\"https:\/\/www.jornaldenegocios.pt\/economia\/justica\/lex\/detalhe\/direito-imobiliario-advogados-antecipam-aumento-de-litigios-com-subarrendamento\"><strong>Pode ler o artigo aqui.<\/strong><\/a><\/p>","protected":false},"excerpt":{"rendered":"<p>Filipa Arantes Pedroso no Jornal de Neg\u00f3cios<\/p>","protected":false},"author":1,"featured_media":9010,"comment_status":"open","ping_status":"open","sticky":false,"template":"","format":"standard","meta":{"footnotes":""},"categories":[5],"tags":[],"class_list":["post-9009","post","type-post","status-publish","format-standard","has-post-thumbnail","hentry","category-noticias"],"aioseo_notices":[],"acf":[],"_links":{"self":[{"href":"https:\/\/jlegal.pt\/en\/wp-json\/wp\/v2\/posts\/9009","targetHints":{"allow":["GET"]}}],"collection":[{"href":"https:\/\/jlegal.pt\/en\/wp-json\/wp\/v2\/posts"}],"about":[{"href":"https:\/\/jlegal.pt\/en\/wp-json\/wp\/v2\/types\/post"}],"author":[{"embeddable":true,"href":"https:\/\/jlegal.pt\/en\/wp-json\/wp\/v2\/users\/1"}],"replies":[{"embeddable":true,"href":"https:\/\/jlegal.pt\/en\/wp-json\/wp\/v2\/comments?post=9009"}],"version-history":[{"count":1,"href":"https:\/\/jlegal.pt\/en\/wp-json\/wp\/v2\/posts\/9009\/revisions"}],"predecessor-version":[{"id":9011,"href":"https:\/\/jlegal.pt\/en\/wp-json\/wp\/v2\/posts\/9009\/revisions\/9011"}],"wp:featuredmedia":[{"embeddable":true,"href":"https:\/\/jlegal.pt\/en\/wp-json\/wp\/v2\/media\/9010"}],"wp:attachment":[{"href":"https:\/\/jlegal.pt\/en\/wp-json\/wp\/v2\/media?parent=9009"}],"wp:term":[{"taxonomy":"category","embeddable":true,"href":"https:\/\/jlegal.pt\/en\/wp-json\/wp\/v2\/categories?post=9009"},{"taxonomy":"post_tag","embeddable":true,"href":"https:\/\/jlegal.pt\/en\/wp-json\/wp\/v2\/tags?post=9009"}],"curies":[{"name":"wp","href":"https:\/\/api.w.org\/{rel}","templated":true}]}}