{"id":9036,"date":"2023-03-27T12:23:18","date_gmt":"2023-03-27T16:23:18","guid":{"rendered":"https:\/\/jlegal.pt\/?p=9036"},"modified":"2023-03-27T12:23:18","modified_gmt":"2023-03-27T16:23:18","slug":"jorge-brito-pereira-socio-da-jlegal-no-jornal-de-negocios-sobre-o-impacto-nas-empresas-da-subida-de-taxas-de-juro","status":"publish","type":"post","link":"https:\/\/jlegal.pt\/en\/jorge-brito-pereira-socio-da-jlegal-no-jornal-de-negocios-sobre-o-impacto-nas-empresas-da-subida-de-taxas-de-juro\/","title":{"rendered":"Jorge Brito Pereira, s\u00f3cio da J+Legal, no Jornal de Neg\u00f3cios sobre o impacto nas empresas da subida de taxas de juro"},"content":{"rendered":"<p><a role=\"button\" href=\"https:\/\/jlegal.pt\/en\/news\/\">Go back<br \/>\n<\/a><\/p>\n<h1 class=\"elementor-heading-title elementor-size-default\">Jorge Brito Pereira, s\u00f3cio da J+Legal, no Jornal de Neg\u00f3cios, sobre o impacto nas empresas da subida de taxas de juro<\/h1>\n<h2>27 de mar\u00e7o 2023<\/h2>\n<p>O <strong>Jornal de Neg\u00f3cios<\/strong> analisa o impacto que a subida das taxas de juro pelo <strong>Banco Central Europeu<\/strong> est\u00e1 a ter no financiamento da economia.<\/p>\n<p>Nesse contexto ouviu v\u00e1rios advogados entre os quais <strong>Jorge Brito Pereira<\/strong>, s\u00f3cio da J+Legal, sociedade de advogados com dois anos de exist\u00eancia no mercado e que tem estado muito ativa principalmente em M&amp;A.<\/p>\n<p>Para o advogado perito em <strong>M&amp;A<\/strong>, <strong>Mercado de Capitais<\/strong> e <strong>Financeiro<\/strong>, \u00a0&#8220;o aumento dos custos de endividamento \u00e9 um problema para qualquer empresa&#8221; , e continua, se &#8220;nas grandes empresas, sendo o movimento antecipado, as maturidades j\u00e1 foram definidas com isto em considera\u00e7\u00e3o, n\u00e3o \u00e9 assim nas pequenas e m\u00e9dias empresas que est\u00e3o a fazer um movimento de adapta\u00e7\u00e3o a esta realidade nova&#8221;<\/p>","protected":false},"excerpt":{"rendered":"<p>Jorge Brito Pereira, s\u00f3cio da J+Legal, no Jornal de Neg\u00f3cios, sobre o impacto nas empresas da subida de taxas de juro<\/p>","protected":false},"author":1,"featured_media":9037,"comment_status":"open","ping_status":"open","sticky":false,"template":"","format":"standard","meta":{"footnotes":""},"categories":[5],"tags":[],"class_list":["post-9036","post","type-post","status-publish","format-standard","has-post-thumbnail","hentry","category-noticias"],"aioseo_notices":[],"acf":[],"_links":{"self":[{"href":"https:\/\/jlegal.pt\/en\/wp-json\/wp\/v2\/posts\/9036","targetHints":{"allow":["GET"]}}],"collection":[{"href":"https:\/\/jlegal.pt\/en\/wp-json\/wp\/v2\/posts"}],"about":[{"href":"https:\/\/jlegal.pt\/en\/wp-json\/wp\/v2\/types\/post"}],"author":[{"embeddable":true,"href":"https:\/\/jlegal.pt\/en\/wp-json\/wp\/v2\/users\/1"}],"replies":[{"embeddable":true,"href":"https:\/\/jlegal.pt\/en\/wp-json\/wp\/v2\/comments?post=9036"}],"version-history":[{"count":1,"href":"https:\/\/jlegal.pt\/en\/wp-json\/wp\/v2\/posts\/9036\/revisions"}],"predecessor-version":[{"id":9038,"href":"https:\/\/jlegal.pt\/en\/wp-json\/wp\/v2\/posts\/9036\/revisions\/9038"}],"wp:featuredmedia":[{"embeddable":true,"href":"https:\/\/jlegal.pt\/en\/wp-json\/wp\/v2\/media\/9037"}],"wp:attachment":[{"href":"https:\/\/jlegal.pt\/en\/wp-json\/wp\/v2\/media?parent=9036"}],"wp:term":[{"taxonomy":"category","embeddable":true,"href":"https:\/\/jlegal.pt\/en\/wp-json\/wp\/v2\/categories?post=9036"},{"taxonomy":"post_tag","embeddable":true,"href":"https:\/\/jlegal.pt\/en\/wp-json\/wp\/v2\/tags?post=9036"}],"curies":[{"name":"wp","href":"https:\/\/api.w.org\/{rel}","templated":true}]}}