{"id":9048,"date":"2023-04-05T06:36:27","date_gmt":"2023-04-05T10:36:27","guid":{"rendered":"https:\/\/jlegal.pt\/?p=9048"},"modified":"2023-04-05T06:36:27","modified_gmt":"2023-04-05T10:36:27","slug":"jaime-carvalho-esteves-em-o-advogado-do-diabo-a-justica-e-os-numeros-um-videocast-do-negocios","status":"publish","type":"post","link":"https:\/\/jlegal.pt\/en\/jaime-carvalho-esteves-em-o-advogado-do-diabo-a-justica-e-os-numeros-um-videocast-do-negocios\/","title":{"rendered":"Jaime Carvalho Esteves em O Advogado do Diabo &#8211; A Justi\u00e7a e os N\u00fameros&#8221;, um videocast do Neg\u00f3cios"},"content":{"rendered":"<p><a role=\"button\" href=\"https:\/\/jlegal.pt\/en\/news\/\">Go back<br \/>\n<\/a><\/p>\n<h1 class=\"elementor-heading-title elementor-size-default\">Jaime Carvalho Esteves em O Advogado do Diabo &#8211; A Justi\u00e7a e os N\u00fameros&#8221;, um videocast do Neg\u00f3cios<\/h1>\n<h2>05 de abril 2023<b><\/b><\/h2>\n<p>&nbsp;<\/p>\n<p><a href=\"https:\/\/jlegal.pt\/en\/equipa\/jaime-carvalho-esteves\/\"><strong>Jaime Carvalho Esteves<\/strong><\/a>, s\u00f3cio respons\u00e1vel pela \u00e1rea de <em>Tax and Private Clients, <\/em>\u00e9 o mais recente convidado para o videocast do Jornal de Neg\u00f3cios, &#8220;O Advogado do Diabo &#8211; a Justi\u00e7a e os N\u00fameros&#8221;, onde abordou a recente medida de IVA 0% em determinados alimentos anunciada pelo Governo.<\/p>\n<p>&nbsp;<\/p>\n<p><strong><a href=\"https:\/\/www.jornaldenegocios.pt\/economia\/detalhe\/advogado-do-diabo-e-a-aspirina-no-cabaz-de-iva-0\">Veja a entrevista na \u00edntegra aqui.<\/a><\/strong><\/p>","protected":false},"excerpt":{"rendered":"<p>Go back<\/p>\n<p>Jaime Carvalho Esteves em O Advogado do Diabo &#8211; A Justi\u00e7a e os N\u00fameros&#8221;, um videocast do Neg\u00f3cios<\/p>","protected":false},"author":1,"featured_media":9049,"comment_status":"open","ping_status":"open","sticky":false,"template":"","format":"standard","meta":{"footnotes":""},"categories":[5],"tags":[],"class_list":["post-9048","post","type-post","status-publish","format-standard","has-post-thumbnail","hentry","category-noticias"],"aioseo_notices":[],"acf":[],"_links":{"self":[{"href":"https:\/\/jlegal.pt\/en\/wp-json\/wp\/v2\/posts\/9048","targetHints":{"allow":["GET"]}}],"collection":[{"href":"https:\/\/jlegal.pt\/en\/wp-json\/wp\/v2\/posts"}],"about":[{"href":"https:\/\/jlegal.pt\/en\/wp-json\/wp\/v2\/types\/post"}],"author":[{"embeddable":true,"href":"https:\/\/jlegal.pt\/en\/wp-json\/wp\/v2\/users\/1"}],"replies":[{"embeddable":true,"href":"https:\/\/jlegal.pt\/en\/wp-json\/wp\/v2\/comments?post=9048"}],"version-history":[{"count":2,"href":"https:\/\/jlegal.pt\/en\/wp-json\/wp\/v2\/posts\/9048\/revisions"}],"predecessor-version":[{"id":9051,"href":"https:\/\/jlegal.pt\/en\/wp-json\/wp\/v2\/posts\/9048\/revisions\/9051"}],"wp:featuredmedia":[{"embeddable":true,"href":"https:\/\/jlegal.pt\/en\/wp-json\/wp\/v2\/media\/9049"}],"wp:attachment":[{"href":"https:\/\/jlegal.pt\/en\/wp-json\/wp\/v2\/media?parent=9048"}],"wp:term":[{"taxonomy":"category","embeddable":true,"href":"https:\/\/jlegal.pt\/en\/wp-json\/wp\/v2\/categories?post=9048"},{"taxonomy":"post_tag","embeddable":true,"href":"https:\/\/jlegal.pt\/en\/wp-json\/wp\/v2\/tags?post=9048"}],"curies":[{"name":"wp","href":"https:\/\/api.w.org\/{rel}","templated":true}]}}