{"id":9052,"date":"2023-04-10T10:28:35","date_gmt":"2023-04-10T14:28:35","guid":{"rendered":"https:\/\/jlegal.pt\/?p=9052"},"modified":"2023-04-10T10:28:35","modified_gmt":"2023-04-10T14:28:35","slug":"newsletter-analise-as-alteracoes-a-legislacao-laboral-em-2023","status":"publish","type":"post","link":"https:\/\/jlegal.pt\/en\/newsletter-analise-as-alteracoes-a-legislacao-laboral-em-2023\/","title":{"rendered":"NEWSLETTER &#8211; An\u00e1lise \u00e0s altera\u00e7\u00f5es \u00e0 legisla\u00e7\u00e3o laboral em 2023"},"content":{"rendered":"<p><img loading=\"lazy\" decoding=\"async\" src=\"https:\/\/jlegal.pt\/wp-content\/uploads\/2021\/04\/Screenshot-2021-04-02-at-12.01.21.png\" sizes=\"auto, (max-width: 1842px) 100vw, 1842px\" srcset=\"https:\/\/i0.wp.com\/jlegal.pt\/wp-content\/uploads\/2021\/04\/Screenshot-2021-04-02-at-12.01.21.png?w=1842&amp;ssl=1 1842w, https:\/\/i0.wp.com\/jlegal.pt\/wp-content\/uploads\/2021\/04\/Screenshot-2021-04-02-at-12.01.21.png?resize=300%2C98&amp;ssl=1 300w, https:\/\/i0.wp.com\/jlegal.pt\/wp-content\/uploads\/2021\/04\/Screenshot-2021-04-02-at-12.01.21.png?resize=1024%2C334&amp;ssl=1 1024w, https:\/\/i0.wp.com\/jlegal.pt\/wp-content\/uploads\/2021\/04\/Screenshot-2021-04-02-at-12.01.21.png?resize=768%2C250&amp;ssl=1 768w, https:\/\/i0.wp.com\/jlegal.pt\/wp-content\/uploads\/2021\/04\/Screenshot-2021-04-02-at-12.01.21.png?resize=1536%2C500&amp;ssl=1 1536w, https:\/\/i0.wp.com\/jlegal.pt\/wp-content\/uploads\/2021\/04\/Screenshot-2021-04-02-at-12.01.21.png?resize=16%2C5&amp;ssl=1 16w\" alt=\"\" width=\"1842\" height=\"600\" \/><br \/>\n<a role=\"button\" href=\"https:\/\/jlegal.pt\/en\/news\/\"><br \/>\nGo back<br \/>\n<\/a><\/p>\n<h1><em>NEWSLETTER<\/em> &#8211; An\u00e1lise \u00e0s altera\u00e7\u00f5es \u00e0 legisla\u00e7\u00e3o laboral em 2023<\/h1>\n<h2>10 de abril 2023<\/h2>\n<p>A equipa da J+Legal, coordenada pela s\u00f3cia <strong>Sofia Matos <\/strong>e coadjuvada por <strong>Carolina Serrano Correia<\/strong>,<strong> Constan\u00e7a Pinto Teixeira<\/strong> e <strong>Francisca Lee<\/strong>, preparou uma Newsletter sobre as altera\u00e7\u00f5es laborais promovidas pela lei n.\u00ba 13\/2023, de 3 de abril.<\/p>\n<p><a href=\"https:\/\/jlegal.pt\/wp-content\/uploads\/2023\/04\/newsletter-agenda-do-trabalho-digno.pdf\"><strong>Leia e fa\u00e7a download da Newsletter aqui.<\/strong><\/a><\/p>\n<p>&nbsp;<\/p>","protected":false},"excerpt":{"rendered":"<p>NEWSLETTER &#8211; An\u00e1lise \u00e0s altera\u00e7\u00f5es \u00e0 legisla\u00e7\u00e3o laboral em 2023<\/p>","protected":false},"author":1,"featured_media":9053,"comment_status":"open","ping_status":"open","sticky":false,"template":"","format":"standard","meta":{"footnotes":""},"categories":[6],"tags":[],"class_list":["post-9052","post","type-post","status-publish","format-standard","has-post-thumbnail","hentry","category-publicacoes"],"aioseo_notices":[],"acf":[],"_links":{"self":[{"href":"https:\/\/jlegal.pt\/en\/wp-json\/wp\/v2\/posts\/9052","targetHints":{"allow":["GET"]}}],"collection":[{"href":"https:\/\/jlegal.pt\/en\/wp-json\/wp\/v2\/posts"}],"about":[{"href":"https:\/\/jlegal.pt\/en\/wp-json\/wp\/v2\/types\/post"}],"author":[{"embeddable":true,"href":"https:\/\/jlegal.pt\/en\/wp-json\/wp\/v2\/users\/1"}],"replies":[{"embeddable":true,"href":"https:\/\/jlegal.pt\/en\/wp-json\/wp\/v2\/comments?post=9052"}],"version-history":[{"count":1,"href":"https:\/\/jlegal.pt\/en\/wp-json\/wp\/v2\/posts\/9052\/revisions"}],"predecessor-version":[{"id":9055,"href":"https:\/\/jlegal.pt\/en\/wp-json\/wp\/v2\/posts\/9052\/revisions\/9055"}],"wp:featuredmedia":[{"embeddable":true,"href":"https:\/\/jlegal.pt\/en\/wp-json\/wp\/v2\/media\/9053"}],"wp:attachment":[{"href":"https:\/\/jlegal.pt\/en\/wp-json\/wp\/v2\/media?parent=9052"}],"wp:term":[{"taxonomy":"category","embeddable":true,"href":"https:\/\/jlegal.pt\/en\/wp-json\/wp\/v2\/categories?post=9052"},{"taxonomy":"post_tag","embeddable":true,"href":"https:\/\/jlegal.pt\/en\/wp-json\/wp\/v2\/tags?post=9052"}],"curies":[{"name":"wp","href":"https:\/\/api.w.org\/{rel}","templated":true}]}}