{"id":9068,"date":"2023-04-13T05:28:07","date_gmt":"2023-04-13T09:28:07","guid":{"rendered":"https:\/\/jlegal.pt\/?p=9068"},"modified":"2023-04-13T05:32:56","modified_gmt":"2023-04-13T09:32:56","slug":"jlegal-recebe-aline-gallasch-hall-de-beuvink-para-a-11o-edicao-das-jtalks","status":"publish","type":"post","link":"https:\/\/jlegal.pt\/en\/jlegal-recebe-aline-gallasch-hall-de-beuvink-para-a-11o-edicao-das-jtalks\/","title":{"rendered":"J+Legal recebe Aline Gallasch-Hall de Beuvink para a 11\u00ba Edi\u00e7\u00e3o das J+Talks"},"content":{"rendered":"<p><a role=\"button\" href=\"https:\/\/jlegal.pt\/en\/news\/\"><br \/>\nGo back<br \/>\n<\/a><\/p>\n<h1>J+Legal recebe Aline Gallasch-Hall de Beuvink para a 11\u00ba Edi\u00e7\u00e3o das J+Talks<\/h1>\n<h2>13 de abril 2023<\/h2>\n<p>Esta semana as <strong>J+Talks<\/strong> regressaram para a sua d\u00e9cima primeira edi\u00e7\u00e3o com <strong>Aline Gallasch-Hall de Beuvink<\/strong> que nos relatou como uma mon\u00e1rquica de direita, com ascend\u00eancia ucraniana, v\u00ea a guerra da Ucr\u00e2nia, a monarquia no s\u00e9culo XXI e o bin\u00f3mio esquerda-direita.<br \/>\nFoi mais uma sess\u00e3o muito animada, em que as perguntas foram, como podem imaginar, sem fim.<\/p>\n<p>Em resumo: duas horas muito bem passadas, com uma discuss\u00e3o aberta que foi de D. Afonso VI a Putin, das atas das Cortes de Lamego \u00e0 Constitui\u00e7\u00e3o de 1976 e a uma poss\u00edvel dupla revis\u00e3o constitucional. Muito agradecemos \u00e0 Aline o (muito) tempo que nos deu e, sobretudo, o fant\u00e1stico fim de tarde que nos\u00a0proporcionou.<\/p>\n<p>&nbsp;<\/p>\n<p><img loading=\"lazy\" decoding=\"async\" class=\"wp-image-9070 aligncenter\" src=\"https:\/\/jlegal.pt\/wp-content\/uploads\/2023\/04\/IMG_3950-768x380.jpg\" alt=\"\" width=\"812\" height=\"402\" \/><\/p>","protected":false},"excerpt":{"rendered":"<p>J+Legal recebe Aline Gallasch-Hall de Beuvink para a 11\u00ba Edi\u00e7\u00e3o das J+Talks<\/p>","protected":false},"author":1,"featured_media":9070,"comment_status":"open","ping_status":"open","sticky":false,"template":"","format":"standard","meta":{"footnotes":""},"categories":[5],"tags":[],"class_list":["post-9068","post","type-post","status-publish","format-standard","has-post-thumbnail","hentry","category-noticias"],"aioseo_notices":[],"acf":[],"_links":{"self":[{"href":"https:\/\/jlegal.pt\/en\/wp-json\/wp\/v2\/posts\/9068","targetHints":{"allow":["GET"]}}],"collection":[{"href":"https:\/\/jlegal.pt\/en\/wp-json\/wp\/v2\/posts"}],"about":[{"href":"https:\/\/jlegal.pt\/en\/wp-json\/wp\/v2\/types\/post"}],"author":[{"embeddable":true,"href":"https:\/\/jlegal.pt\/en\/wp-json\/wp\/v2\/users\/1"}],"replies":[{"embeddable":true,"href":"https:\/\/jlegal.pt\/en\/wp-json\/wp\/v2\/comments?post=9068"}],"version-history":[{"count":3,"href":"https:\/\/jlegal.pt\/en\/wp-json\/wp\/v2\/posts\/9068\/revisions"}],"predecessor-version":[{"id":9072,"href":"https:\/\/jlegal.pt\/en\/wp-json\/wp\/v2\/posts\/9068\/revisions\/9072"}],"wp:featuredmedia":[{"embeddable":true,"href":"https:\/\/jlegal.pt\/en\/wp-json\/wp\/v2\/media\/9070"}],"wp:attachment":[{"href":"https:\/\/jlegal.pt\/en\/wp-json\/wp\/v2\/media?parent=9068"}],"wp:term":[{"taxonomy":"category","embeddable":true,"href":"https:\/\/jlegal.pt\/en\/wp-json\/wp\/v2\/categories?post=9068"},{"taxonomy":"post_tag","embeddable":true,"href":"https:\/\/jlegal.pt\/en\/wp-json\/wp\/v2\/tags?post=9068"}],"curies":[{"name":"wp","href":"https:\/\/api.w.org\/{rel}","templated":true}]}}