{"id":9074,"date":"2023-04-14T05:04:59","date_gmt":"2023-04-14T09:04:59","guid":{"rendered":"https:\/\/jlegal.pt\/?p=9074"},"modified":"2023-04-14T05:05:53","modified_gmt":"2023-04-14T09:05:53","slug":"jose-diogo-horta-osorio-no-essencial-da-sic","status":"publish","type":"post","link":"https:\/\/jlegal.pt\/en\/jose-diogo-horta-osorio-no-essencial-da-sic\/","title":{"rendered":"Jos\u00e9 Diogo Horta Os\u00f3rio no Essencial da SIC"},"content":{"rendered":"<p><a role=\"button\" href=\"https:\/\/jlegal.pt\/en\/news\/\">Go back<br \/>\n<\/a><\/p>\n<h1 class=\"elementor-heading-title elementor-size-default\">Jos\u00e9 Diogo Horta Os\u00f3rio no Essencial da SIC<\/h1>\n<h2>14 de abril 2023<b><\/b><\/h2>\n<p>&nbsp;<\/p>\n<p><strong><a href=\"https:\/\/jlegal.pt\/en\/equipa\/jose-diogo-horta-osorio\/\">Jos\u00e9 Diogo Horta Os\u00f3rio<\/a><\/strong>, s\u00f3cio respons\u00e1vel pela \u00e1rea de <em>Corporate and M&amp;A, <\/em>marcou presen\u00e7a na reportagem do programa Essencial, da SIC, que se debru\u00e7ou sobre a nacionaliza\u00e7\u00e3o e estado atual da EFACEC.<\/p>\n<p>&nbsp;<\/p>","protected":false},"excerpt":{"rendered":"<p>Jos\u00e9 Diogo Horta Os\u00f3rio no Essencial da SIC<\/p>","protected":false},"author":1,"featured_media":9075,"comment_status":"open","ping_status":"open","sticky":false,"template":"","format":"standard","meta":{"footnotes":""},"categories":[5],"tags":[],"class_list":["post-9074","post","type-post","status-publish","format-standard","has-post-thumbnail","hentry","category-noticias"],"aioseo_notices":[],"acf":[],"_links":{"self":[{"href":"https:\/\/jlegal.pt\/en\/wp-json\/wp\/v2\/posts\/9074","targetHints":{"allow":["GET"]}}],"collection":[{"href":"https:\/\/jlegal.pt\/en\/wp-json\/wp\/v2\/posts"}],"about":[{"href":"https:\/\/jlegal.pt\/en\/wp-json\/wp\/v2\/types\/post"}],"author":[{"embeddable":true,"href":"https:\/\/jlegal.pt\/en\/wp-json\/wp\/v2\/users\/1"}],"replies":[{"embeddable":true,"href":"https:\/\/jlegal.pt\/en\/wp-json\/wp\/v2\/comments?post=9074"}],"version-history":[{"count":2,"href":"https:\/\/jlegal.pt\/en\/wp-json\/wp\/v2\/posts\/9074\/revisions"}],"predecessor-version":[{"id":9077,"href":"https:\/\/jlegal.pt\/en\/wp-json\/wp\/v2\/posts\/9074\/revisions\/9077"}],"wp:featuredmedia":[{"embeddable":true,"href":"https:\/\/jlegal.pt\/en\/wp-json\/wp\/v2\/media\/9075"}],"wp:attachment":[{"href":"https:\/\/jlegal.pt\/en\/wp-json\/wp\/v2\/media?parent=9074"}],"wp:term":[{"taxonomy":"category","embeddable":true,"href":"https:\/\/jlegal.pt\/en\/wp-json\/wp\/v2\/categories?post=9074"},{"taxonomy":"post_tag","embeddable":true,"href":"https:\/\/jlegal.pt\/en\/wp-json\/wp\/v2\/tags?post=9074"}],"curies":[{"name":"wp","href":"https:\/\/api.w.org\/{rel}","templated":true}]}}