{"id":9083,"date":"2023-04-27T11:03:26","date_gmt":"2023-04-27T15:03:26","guid":{"rendered":"https:\/\/jlegal.pt\/?p=9083"},"modified":"2023-04-27T11:03:26","modified_gmt":"2023-04-27T15:03:26","slug":"jlegal-no-ranking-do-ttr-data-em-operacoes-de-ma-e-venture-capital-no-1-o-trimestre-do-ano","status":"publish","type":"post","link":"https:\/\/jlegal.pt\/en\/jlegal-no-ranking-do-ttr-data-em-operacoes-de-ma-e-venture-capital-no-1-o-trimestre-do-ano\/","title":{"rendered":"J+Legal no ranking do TTR Data em opera\u00e7\u00f5es de M&#038;A e Venture Capital no 1.\u00ba Trimestre do Ano"},"content":{"rendered":"<p><a role=\"button\" href=\"https:\/\/jlegal.pt\/en\/news\/\">Go back<br \/>\n<\/a><\/p>\n<h1 class=\"elementor-heading-title elementor-size-default\">J+Legal no ranking do TTR Data em opera\u00e7\u00f5es de M&amp;A e Venture Capital no 1.\u00ba Trimestre do Ano<\/h1>\n<h2>27 de abril 2023<b><\/b><\/h2>\n<p>A <strong>J+Legal<\/strong> foi novamente reconhecida no ranking do TTR Data, referente ao primeiro trimestre de 2023.<\/p>\n<p>Para al\u00e9m do reconhecimento da equipa, o s\u00f3cio e respons\u00e1vel pela \u00e1rea de Corporate and M&amp;A, <strong><a href=\"https:\/\/jlegal.pt\/en\/equipa\/jose-diogo-horta-osorio\/\">Diogo Horta Os\u00f3rio<\/a><\/strong> \u00e9 destacado no ranking de<strong><em> Dealmakers &#8211; Legal Advisors<\/em><\/strong>, j\u00e1\u00a0o asssociado s\u00e9nior,\u00a0<span style=\"font-size: 12.0pt;\"><a href=\"https:\/\/jlegal.pt\/en\/equipa\/lourenco-corte-real\/\"><strong>Louren\u00e7o C\u00f4rte-Real<\/strong><\/a>\u00a0e os associados <a href=\"https:\/\/jlegal.pt\/en\/equipa\/joao-leite-de-carvalho\/\"><strong>Jo\u00e3o Leite de Carvalho<\/strong><\/a> e <a href=\"https:\/\/jlegal.pt\/en\/equipa\/francisca-lee\/\"><strong>Francisca Lee<\/strong><\/a>, figuram novamente no ranking de <em><strong>Rising Star<\/strong><strong>Dealmakers<\/strong><\/em>.<\/span><\/p>\n<p><a href=\"https:\/\/eco.sapo.pt\/2023\/04\/19\/ttr-plmj-lidera-as-principais-operacoes-de-ma-no-primeiro-trimestre-de-2023\/\"><strong>Saiba tudo aqui.<\/strong><\/a><\/p>","protected":false},"excerpt":{"rendered":"<p>J+Legal no ranking do TTR Data em opera\u00e7\u00f5es de M&#038;A e Venture Capital no 1.\u00ba Trimestre do Ano<\/p>","protected":false},"author":1,"featured_media":9084,"comment_status":"open","ping_status":"open","sticky":false,"template":"","format":"standard","meta":{"footnotes":""},"categories":[5],"tags":[],"class_list":["post-9083","post","type-post","status-publish","format-standard","has-post-thumbnail","hentry","category-noticias"],"aioseo_notices":[],"acf":[],"_links":{"self":[{"href":"https:\/\/jlegal.pt\/en\/wp-json\/wp\/v2\/posts\/9083","targetHints":{"allow":["GET"]}}],"collection":[{"href":"https:\/\/jlegal.pt\/en\/wp-json\/wp\/v2\/posts"}],"about":[{"href":"https:\/\/jlegal.pt\/en\/wp-json\/wp\/v2\/types\/post"}],"author":[{"embeddable":true,"href":"https:\/\/jlegal.pt\/en\/wp-json\/wp\/v2\/users\/1"}],"replies":[{"embeddable":true,"href":"https:\/\/jlegal.pt\/en\/wp-json\/wp\/v2\/comments?post=9083"}],"version-history":[{"count":1,"href":"https:\/\/jlegal.pt\/en\/wp-json\/wp\/v2\/posts\/9083\/revisions"}],"predecessor-version":[{"id":9085,"href":"https:\/\/jlegal.pt\/en\/wp-json\/wp\/v2\/posts\/9083\/revisions\/9085"}],"wp:featuredmedia":[{"embeddable":true,"href":"https:\/\/jlegal.pt\/en\/wp-json\/wp\/v2\/media\/9084"}],"wp:attachment":[{"href":"https:\/\/jlegal.pt\/en\/wp-json\/wp\/v2\/media?parent=9083"}],"wp:term":[{"taxonomy":"category","embeddable":true,"href":"https:\/\/jlegal.pt\/en\/wp-json\/wp\/v2\/categories?post=9083"},{"taxonomy":"post_tag","embeddable":true,"href":"https:\/\/jlegal.pt\/en\/wp-json\/wp\/v2\/tags?post=9083"}],"curies":[{"name":"wp","href":"https:\/\/api.w.org\/{rel}","templated":true}]}}