{"id":9098,"date":"2023-05-10T07:34:58","date_gmt":"2023-05-10T11:34:58","guid":{"rendered":"https:\/\/jlegal.pt\/?p=9098"},"modified":"2023-05-10T07:34:58","modified_gmt":"2023-05-10T11:34:58","slug":"jlegal-assessora-grupo-barraqueiro-na-aquisicao-a-arriva-international-limited-da-sua-participacao-na-barraqueiro-sgps","status":"publish","type":"post","link":"https:\/\/jlegal.pt\/en\/jlegal-assessora-grupo-barraqueiro-na-aquisicao-a-arriva-international-limited-da-sua-participacao-na-barraqueiro-sgps\/","title":{"rendered":"J+Legal assessora Grupo Barraqueiro na aquisi\u00e7\u00e3o \u00e0 Arriva International Limited da sua participa\u00e7\u00e3o na Barraqueiro SGPS"},"content":{"rendered":"<p><a role=\"button\" href=\"https:\/\/jlegal.pt\/en\/news\/\">Go back<br \/>\n<\/a><\/p>\n<h1 class=\"elementor-heading-title elementor-size-default\">J+Legal assessora Grupo Barraqueiro na aquisi\u00e7\u00e3o \u00e0 Arriva International Limited (grupo Deutsche Bahn) da sua participa\u00e7\u00e3o na Barraqueiro SGPS<\/h1>\n<h2>10 de maio 2023<b><\/b><\/h2>\n<p>A <strong>J+Legal<\/strong> assessorou o grupo <strong>Barraqueiro<\/strong> na aquisi\u00e7\u00e3o \u00e0 <strong>Arriva International Limited<\/strong> (grupo <strong>Deutsche Bahn<\/strong>), da sua participa\u00e7\u00e3o de 31,5% na <strong>Barraqueiro SGPS<\/strong>.<\/p>\n<p>A equipa foi liderada pelo s\u00f3cio <strong><a href=\"https:\/\/jlegal.pt\/en\/equipa\/jose-diogo-horta-osorio\/\">Jos\u00e9 Diogo Horta Os\u00f3rio<\/a><\/strong> e pelos associados s\u00e9nior<span style=\"font-size: 12.0pt;\">\u00a0<a href=\"https:\/\/jlegal.pt\/en\/equipa\/lourenco-corte-real\/\"><strong>Louren\u00e7o C\u00f4rte-Real<\/strong><\/a> e <a href=\"https:\/\/jlegal.pt\/en\/equipa\/rui-bello-da-silva\/\">Rui Bello da Silva<\/a> e pelos associados <strong><a href=\"https:\/\/jlegal.pt\/en\/equipa\/carolina-serrano-correia\/\">Carolina Serrano Correia<\/a><\/strong> e\u00a0 <a href=\"https:\/\/jlegal.pt\/en\/equipa\/joao-leite-de-carvalho\/\"><strong>Jo\u00e3o Leite de Carvalho<\/strong><\/a>.<\/span><\/p>\n<p>Deste modo, a HPGB, detida pelo empres\u00e1rio <strong>Humberto Pedrosa<\/strong>, passou a deter <strong>100%<\/strong> da <strong>Barraqueiro SGPS<\/strong>.<\/p>\n<p>O grupo<strong> Barraqueiro<\/strong> \u00e9 o l\u00edder em Portugal do sector de transportes rodovi\u00e1rio, ferrovi\u00e1rio e metrovi\u00e1rio de passageiros.<\/p>\n<p><strong><a href=\"https:\/\/eco.sapo.pt\/2023\/05\/10\/grupo-barraqueiro-deixa-de-ter-alemaes-a-bordo-apos-venda-de-participacao-de-315\/\">Leia a not\u00edcia aqui.<\/a><\/strong><\/p>","protected":false},"excerpt":{"rendered":"<p>J+Legal assessora Grupo Barraqueiro na aquisi\u00e7\u00e3o \u00e0 Arriva International Limited (grupo Deutsche Bahn) da sua participa\u00e7\u00e3o na Barraqueiro SGPS<\/p>","protected":false},"author":1,"featured_media":9099,"comment_status":"open","ping_status":"open","sticky":false,"template":"","format":"standard","meta":{"footnotes":""},"categories":[5],"tags":[],"class_list":["post-9098","post","type-post","status-publish","format-standard","has-post-thumbnail","hentry","category-noticias"],"aioseo_notices":[],"acf":[],"_links":{"self":[{"href":"https:\/\/jlegal.pt\/en\/wp-json\/wp\/v2\/posts\/9098","targetHints":{"allow":["GET"]}}],"collection":[{"href":"https:\/\/jlegal.pt\/en\/wp-json\/wp\/v2\/posts"}],"about":[{"href":"https:\/\/jlegal.pt\/en\/wp-json\/wp\/v2\/types\/post"}],"author":[{"embeddable":true,"href":"https:\/\/jlegal.pt\/en\/wp-json\/wp\/v2\/users\/1"}],"replies":[{"embeddable":true,"href":"https:\/\/jlegal.pt\/en\/wp-json\/wp\/v2\/comments?post=9098"}],"version-history":[{"count":2,"href":"https:\/\/jlegal.pt\/en\/wp-json\/wp\/v2\/posts\/9098\/revisions"}],"predecessor-version":[{"id":9101,"href":"https:\/\/jlegal.pt\/en\/wp-json\/wp\/v2\/posts\/9098\/revisions\/9101"}],"wp:featuredmedia":[{"embeddable":true,"href":"https:\/\/jlegal.pt\/en\/wp-json\/wp\/v2\/media\/9099"}],"wp:attachment":[{"href":"https:\/\/jlegal.pt\/en\/wp-json\/wp\/v2\/media?parent=9098"}],"wp:term":[{"taxonomy":"category","embeddable":true,"href":"https:\/\/jlegal.pt\/en\/wp-json\/wp\/v2\/categories?post=9098"},{"taxonomy":"post_tag","embeddable":true,"href":"https:\/\/jlegal.pt\/en\/wp-json\/wp\/v2\/tags?post=9098"}],"curies":[{"name":"wp","href":"https:\/\/api.w.org\/{rel}","templated":true}]}}