{"id":9116,"date":"2023-05-31T14:24:17","date_gmt":"2023-05-31T18:24:17","guid":{"rendered":"https:\/\/jlegal.pt\/?p=9116"},"modified":"2023-05-31T14:27:59","modified_gmt":"2023-05-31T18:27:59","slug":"jlegal-recebe-aline-gallasch-hall-de-beuvink-para-a-11o-edicao-das-jtalks-2","status":"publish","type":"post","link":"https:\/\/jlegal.pt\/en\/jlegal-recebe-aline-gallasch-hall-de-beuvink-para-a-11o-edicao-das-jtalks-2\/","title":{"rendered":"J+Legal recebe Jos\u00e9 Gameiro e Ana Andrade para a 12\u00ba Edi\u00e7\u00e3o das J+Talks"},"content":{"rendered":"<p><a role=\"button\" href=\"https:\/\/jlegal.pt\/en\/news\/\"><br \/>\nGo back<br \/>\n<\/a><\/p>\n<h1>J+Legal recebe Jos\u00e9 Gameiro e Ana Andrade para a 12\u00ba Edi\u00e7\u00e3o das J+Talks<\/h1>\n<h2>31 de maio 2023<\/h2>\n<p>Na 12\u00aa edi\u00e7\u00e3o das <strong>J+Talks<\/strong> tivemos o psiquiatra <strong>Jos\u00e9 Gameiro<\/strong> e <strong>Ana Andrade<\/strong>, m\u00e9dica e, sobretudo, a sua mulher que o conhece melhor que ningu\u00e9m.<\/p>\n<p>Depois de tantas sess\u00f5es a falar de pol\u00edtica ou de temas jur\u00eddicos, chegou a hora de falarmos sobre \u2026 o amor (e o outro).<\/p>\n<p>Foi um fim de tarde fant\u00e1stico, com uma sess\u00e3o animadamente participada, com grande m\u00fasica a acompanhar e que serviu para ajudar a falar sobre cada um de n\u00f3s, como somos, como reagimos e como podemos ajudar-nos a ser mais felizes. Somos todos complexos e, por isso, fal\u00e1mos sobre coisas complicadas e \u00edntimas.<\/p>\n<p>Se estas sess\u00f5es ficam sempre s\u00f3 para n\u00f3s, percebem que esta, mais do que as outras, fique mesmo s\u00f3 para n\u00f3s.<\/p>\n<p>Obrigado ao Jos\u00e9 e \u00e0 Ana pelo tempo que nos deram. Ficam com um grupo de fans aqui na <strong>J+Legal<\/strong>.<\/p>\n<p>&nbsp;<\/p>\n<p><img loading=\"lazy\" decoding=\"async\" class=\"wp-image-9117 aligncenter\" src=\"https:\/\/jlegal.pt\/wp-content\/uploads\/2023\/05\/gameiro-768x380.jpg\" alt=\"\" width=\"604\" height=\"298\" \/><\/p>","protected":false},"excerpt":{"rendered":"<p>J+Legal recebe Jos\u00e9 Gameiro e Ana Andrade para a 12\u00ba Edi\u00e7\u00e3o das J+Talks<\/p>","protected":false},"author":1,"featured_media":9117,"comment_status":"open","ping_status":"open","sticky":false,"template":"","format":"standard","meta":{"footnotes":""},"categories":[5],"tags":[],"class_list":["post-9116","post","type-post","status-publish","format-standard","has-post-thumbnail","hentry","category-noticias"],"aioseo_notices":[],"acf":[],"_links":{"self":[{"href":"https:\/\/jlegal.pt\/en\/wp-json\/wp\/v2\/posts\/9116","targetHints":{"allow":["GET"]}}],"collection":[{"href":"https:\/\/jlegal.pt\/en\/wp-json\/wp\/v2\/posts"}],"about":[{"href":"https:\/\/jlegal.pt\/en\/wp-json\/wp\/v2\/types\/post"}],"author":[{"embeddable":true,"href":"https:\/\/jlegal.pt\/en\/wp-json\/wp\/v2\/users\/1"}],"replies":[{"embeddable":true,"href":"https:\/\/jlegal.pt\/en\/wp-json\/wp\/v2\/comments?post=9116"}],"version-history":[{"count":3,"href":"https:\/\/jlegal.pt\/en\/wp-json\/wp\/v2\/posts\/9116\/revisions"}],"predecessor-version":[{"id":9121,"href":"https:\/\/jlegal.pt\/en\/wp-json\/wp\/v2\/posts\/9116\/revisions\/9121"}],"wp:featuredmedia":[{"embeddable":true,"href":"https:\/\/jlegal.pt\/en\/wp-json\/wp\/v2\/media\/9117"}],"wp:attachment":[{"href":"https:\/\/jlegal.pt\/en\/wp-json\/wp\/v2\/media?parent=9116"}],"wp:term":[{"taxonomy":"category","embeddable":true,"href":"https:\/\/jlegal.pt\/en\/wp-json\/wp\/v2\/categories?post=9116"},{"taxonomy":"post_tag","embeddable":true,"href":"https:\/\/jlegal.pt\/en\/wp-json\/wp\/v2\/tags?post=9116"}],"curies":[{"name":"wp","href":"https:\/\/api.w.org\/{rel}","templated":true}]}}