{"id":9152,"date":"2023-06-26T07:37:30","date_gmt":"2023-06-26T11:37:30","guid":{"rendered":"https:\/\/jlegal.pt\/?p=9152"},"modified":"2023-06-26T07:38:11","modified_gmt":"2023-06-26T11:38:11","slug":"filipa-arantes-pedroso-para-a-vida-imobiliaria","status":"publish","type":"post","link":"https:\/\/jlegal.pt\/en\/filipa-arantes-pedroso-para-a-vida-imobiliaria\/","title":{"rendered":"Filipa Arantes Pedroso para a Vida Imobili\u00e1ria"},"content":{"rendered":"<p><a role=\"button\" href=\"https:\/\/jlegal.pt\/en\/news\/\">Go back<br \/>\n<\/a><\/p>\n<h1 class=\"elementor-heading-title elementor-size-default\">Filipa Arantes Pedroso para a Vida Imobili\u00e1ria<\/h1>\n<h2>26 de junho 2023<b><\/b><\/h2>\n<p>&nbsp;<\/p>\n<p><strong>Filipa Arantes Pedroso<\/strong>, s\u00f3cia respons\u00e1vel pela \u00e1rea de <em>Real Estate and Planning, <\/em>publicou um artigo para a Vida Imobili\u00e1ria, na qual aborda as medidas inclu\u00eddas no pacote &#8220;Mais Habita\u00e7\u00e3o&#8221;.<\/p>\n<p>Num artigo cr\u00edtico, a s\u00f3cia da J+Legal aponta in\u00fameras falhas \u00e0s medidas do Governo, considerando que &#8220;os incentivos \u00e0 habita\u00e7\u00e3o nova, fundamental para que os pre\u00e7os possam baixar, n\u00e3o foi contemplada neste pacote&#8221;.<\/p>\n<p><a href=\"https:\/\/www.wireportugal.com\/pt\/noticias\/wire-news\/mais-habitacao-ou-nada-vai-mudar\/\">Leia o artigo na \u00edntegra aqui.<\/a><\/p>","protected":false},"excerpt":{"rendered":"<p>Filipa Arantes Pedroso para a Vida Imobili\u00e1ria<\/p>","protected":false},"author":1,"featured_media":9153,"comment_status":"open","ping_status":"open","sticky":false,"template":"","format":"standard","meta":{"footnotes":""},"categories":[5],"tags":[],"class_list":["post-9152","post","type-post","status-publish","format-standard","has-post-thumbnail","hentry","category-noticias"],"aioseo_notices":[],"acf":[],"_links":{"self":[{"href":"https:\/\/jlegal.pt\/en\/wp-json\/wp\/v2\/posts\/9152","targetHints":{"allow":["GET"]}}],"collection":[{"href":"https:\/\/jlegal.pt\/en\/wp-json\/wp\/v2\/posts"}],"about":[{"href":"https:\/\/jlegal.pt\/en\/wp-json\/wp\/v2\/types\/post"}],"author":[{"embeddable":true,"href":"https:\/\/jlegal.pt\/en\/wp-json\/wp\/v2\/users\/1"}],"replies":[{"embeddable":true,"href":"https:\/\/jlegal.pt\/en\/wp-json\/wp\/v2\/comments?post=9152"}],"version-history":[{"count":2,"href":"https:\/\/jlegal.pt\/en\/wp-json\/wp\/v2\/posts\/9152\/revisions"}],"predecessor-version":[{"id":9156,"href":"https:\/\/jlegal.pt\/en\/wp-json\/wp\/v2\/posts\/9152\/revisions\/9156"}],"wp:featuredmedia":[{"embeddable":true,"href":"https:\/\/jlegal.pt\/en\/wp-json\/wp\/v2\/media\/9153"}],"wp:attachment":[{"href":"https:\/\/jlegal.pt\/en\/wp-json\/wp\/v2\/media?parent=9152"}],"wp:term":[{"taxonomy":"category","embeddable":true,"href":"https:\/\/jlegal.pt\/en\/wp-json\/wp\/v2\/categories?post=9152"},{"taxonomy":"post_tag","embeddable":true,"href":"https:\/\/jlegal.pt\/en\/wp-json\/wp\/v2\/tags?post=9152"}],"curies":[{"name":"wp","href":"https:\/\/api.w.org\/{rel}","templated":true}]}}