{"id":9172,"date":"2023-07-11T11:16:26","date_gmt":"2023-07-11T15:16:26","guid":{"rendered":"https:\/\/jlegal.pt\/?p=9172"},"modified":"2023-07-11T11:17:14","modified_gmt":"2023-07-11T15:17:14","slug":"jlegal-recebe-joao-vieira-de-almeida-para-a-13o-edicao-das-jtalks","status":"publish","type":"post","link":"https:\/\/jlegal.pt\/en\/jlegal-recebe-joao-vieira-de-almeida-para-a-13o-edicao-das-jtalks\/","title":{"rendered":"J+Legal recebe Jo\u00e3o Vieira de Almeida para a 13\u00ba Edi\u00e7\u00e3o das J+Talks"},"content":{"rendered":"<p><a role=\"button\" href=\"https:\/\/jlegal.pt\/en\/news\/\"><br \/>\nGo back<br \/>\n<\/a><\/p>\n<h1>J+Legal recebe Jo\u00e3o Vieira de Almeida para a 13\u00ba Edi\u00e7\u00e3o das J+Talks<\/h1>\n<h2>11 de julho 2023<\/h2>\n<p>Ontem, na 13\u00aa edi\u00e7\u00e3o das nossas<strong> J+Talks<\/strong>, tivemos o gosto de contar com a visita do nosso Colega e Amigo <strong>Jo\u00e3o Vieira de Almeida<\/strong>.<\/p>\n<p>O Jo\u00e3o dispensa apresenta\u00e7\u00f5es \u2013 um dos grandes Advogados portugueses que foi durante muitos anos o Managing partner da <strong>VdA<\/strong>; um l\u00edder nato; um homem inteligente e com um grande sentido de humor.<\/p>\n<p>Mas ontem n\u00e3o fal\u00e1mos de trabalho.<\/p>\n<p>O tema da interven\u00e7\u00e3o do Jo\u00e3o foi \u201c<strong>Subir e Descer Montanhas<\/strong>\u201d e foi ocasi\u00e3o para uma hora e meia de uma conversa boa e intimista sobre a experi\u00eancia de vida do Jo\u00e3o e sobre as met\u00e1foras que nos acompanham a cada dia. Ficam as palavras do grande MLK &#8211; \u00a0<em>Well, I don&#8217;t know what will happen now. We&#8217;ve got some difficult days ahead. But it doesn&#8217;t matter with me now. Because I&#8217;ve been to the mountaintop. And I don&#8217;t mind. Like anybody, I would like to live a long life. Longevity has its place. But I&#8217;m not concerned about that now. I just want to do God&#8217;s will. And He&#8217;s allowed me to go up to the mountain. And I&#8217;ve looked over. And I&#8217;ve seen the promised land. I may not get there with you. But I want you to know tonight, that we, as a people, will get to the promised land. And I&#8217;m happy, tonight. I&#8217;m not worried about anything. I&#8217;m not fearing any man. Mine eyes have seen the glory of the coming of the Lord<\/em>.<\/p>\n<p>Obrigado, Jo\u00e3o, pelo que nos deste ontem.<\/p>\n<p>&nbsp;<\/p>\n<p><img loading=\"lazy\" decoding=\"async\" class=\"wp-image-9171 aligncenter\" src=\"https:\/\/jlegal.pt\/wp-content\/uploads\/2023\/07\/IMG_2873-768x380.jpg\" alt=\"\" width=\"739\" height=\"366\" \/><\/p>","protected":false},"excerpt":{"rendered":"<p>J+Legal recebe Jo\u00e3o Vieira de Almeida para a 13\u00ba Edi\u00e7\u00e3o das J+Talks<\/p>","protected":false},"author":1,"featured_media":9171,"comment_status":"open","ping_status":"open","sticky":false,"template":"","format":"standard","meta":{"footnotes":""},"categories":[5],"tags":[],"class_list":["post-9172","post","type-post","status-publish","format-standard","has-post-thumbnail","hentry","category-noticias"],"aioseo_notices":[],"acf":[],"_links":{"self":[{"href":"https:\/\/jlegal.pt\/en\/wp-json\/wp\/v2\/posts\/9172","targetHints":{"allow":["GET"]}}],"collection":[{"href":"https:\/\/jlegal.pt\/en\/wp-json\/wp\/v2\/posts"}],"about":[{"href":"https:\/\/jlegal.pt\/en\/wp-json\/wp\/v2\/types\/post"}],"author":[{"embeddable":true,"href":"https:\/\/jlegal.pt\/en\/wp-json\/wp\/v2\/users\/1"}],"replies":[{"embeddable":true,"href":"https:\/\/jlegal.pt\/en\/wp-json\/wp\/v2\/comments?post=9172"}],"version-history":[{"count":1,"href":"https:\/\/jlegal.pt\/en\/wp-json\/wp\/v2\/posts\/9172\/revisions"}],"predecessor-version":[{"id":9173,"href":"https:\/\/jlegal.pt\/en\/wp-json\/wp\/v2\/posts\/9172\/revisions\/9173"}],"wp:featuredmedia":[{"embeddable":true,"href":"https:\/\/jlegal.pt\/en\/wp-json\/wp\/v2\/media\/9171"}],"wp:attachment":[{"href":"https:\/\/jlegal.pt\/en\/wp-json\/wp\/v2\/media?parent=9172"}],"wp:term":[{"taxonomy":"category","embeddable":true,"href":"https:\/\/jlegal.pt\/en\/wp-json\/wp\/v2\/categories?post=9172"},{"taxonomy":"post_tag","embeddable":true,"href":"https:\/\/jlegal.pt\/en\/wp-json\/wp\/v2\/tags?post=9172"}],"curies":[{"name":"wp","href":"https:\/\/api.w.org\/{rel}","templated":true}]}}