{"id":9175,"date":"2023-07-19T15:54:13","date_gmt":"2023-07-19T19:54:13","guid":{"rendered":"https:\/\/jlegal.pt\/?p=9175"},"modified":"2023-07-19T15:54:13","modified_gmt":"2023-07-19T19:54:13","slug":"sofia-matos-no-jornal-de-negocios-sobre-o-embaraco-dos-lares-ilegais-em-portugal","status":"publish","type":"post","link":"https:\/\/jlegal.pt\/en\/sofia-matos-no-jornal-de-negocios-sobre-o-embaraco-dos-lares-ilegais-em-portugal\/","title":{"rendered":"Sofia Matos, no Jornal de Neg\u00f3cios, sobre o embara\u00e7o dos lares ilegais em Portugal"},"content":{"rendered":"<p><a role=\"button\" href=\"https:\/\/jlegal.pt\/en\/news\/\">Go back<br \/>\n<\/a><\/p>\n<h1 class=\"elementor-heading-title elementor-size-default\">Sofia Matos, no Jornal de Neg\u00f3cios, sobre o embara\u00e7o dos lares ilegais em Portugal<\/h1>\n<h2>19 de julho 2023<\/h2>\n<p>Sofia Matos, s\u00f3cia respons\u00e1vel pela \u00e1rea de <em>Tax<\/em>, publicou um artigo para o Jornal de Neg\u00f3cios, no qual aborda frontalmente o embara\u00e7o dos lares ilegais em Portugal.<\/p>\n<p>Num artigo cr\u00edtico e assertivo, a S\u00f3cia da\u00a0J + Legal\u00a0questiona sobre \u201co que fez este Governo para travar o crescimento dos lares ilegais que acolhem cerca de 35 mil pessoas? O que fez o Governo para impedir a falta de condi\u00e7\u00f5es nos ditos lares (i)legais? Qual a resposta do Governo para garantir \u00e0 nossa popula\u00e7\u00e3o, cada vez mais envelhecida, 182 idosos para cada 100 jovens, uma resposta social quando precisarem de um lar? O que vai fazer este Governo com os fundos do PRR destinado ao apoio social?\u201d.<\/p>\n<p>Enfim, acaba por concluir que \u201ca sociedade l\u00e1 vai despertando com casos macabros de maus-tratos em lares, com o encerramento de alguns deles, com o marketing do Governo a afirmar, para quem queira ouvir, que intensificaram a fiscaliza\u00e7\u00e3o. Contudo, a sociedade n\u00e3o despertou o suficiente, que leva-se o Governo a apresentar solu\u00e7\u00f5es que invertam a escala de mais lares ilegais (3500) do que legais (2500), os quais somados s\u00e3o manifestamente insuficientes para acolher aqueles que permitem hoje a sustentabilidade da nossa Seguran\u00e7a Social e a possibilidade de o Governo desviar o nosso (deles) dinheiro em buracos desastrosos para os contribuintes e para as contas p\u00fablicas do Estado\u201d.<\/p>\n<p><a href=\"https:\/\/www.jornaldenegocios.pt\/opiniao\/detalhe\/a-tragedia-de-se-poder-ser-velho-em-portugal\">Leia o artigo na \u00edntegra aqui.<\/a><\/p>","protected":false},"excerpt":{"rendered":"<p>Jo\u00e3o Leite de Carvalho, no Jornal de Neg\u00f3cios, sobre os desafios para Empreendedores em Portugal<\/p>","protected":false},"author":1,"featured_media":9176,"comment_status":"open","ping_status":"open","sticky":false,"template":"","format":"standard","meta":{"footnotes":""},"categories":[5],"tags":[],"class_list":["post-9175","post","type-post","status-publish","format-standard","has-post-thumbnail","hentry","category-noticias"],"aioseo_notices":[],"acf":[],"_links":{"self":[{"href":"https:\/\/jlegal.pt\/en\/wp-json\/wp\/v2\/posts\/9175","targetHints":{"allow":["GET"]}}],"collection":[{"href":"https:\/\/jlegal.pt\/en\/wp-json\/wp\/v2\/posts"}],"about":[{"href":"https:\/\/jlegal.pt\/en\/wp-json\/wp\/v2\/types\/post"}],"author":[{"embeddable":true,"href":"https:\/\/jlegal.pt\/en\/wp-json\/wp\/v2\/users\/1"}],"replies":[{"embeddable":true,"href":"https:\/\/jlegal.pt\/en\/wp-json\/wp\/v2\/comments?post=9175"}],"version-history":[{"count":1,"href":"https:\/\/jlegal.pt\/en\/wp-json\/wp\/v2\/posts\/9175\/revisions"}],"predecessor-version":[{"id":9177,"href":"https:\/\/jlegal.pt\/en\/wp-json\/wp\/v2\/posts\/9175\/revisions\/9177"}],"wp:featuredmedia":[{"embeddable":true,"href":"https:\/\/jlegal.pt\/en\/wp-json\/wp\/v2\/media\/9176"}],"wp:attachment":[{"href":"https:\/\/jlegal.pt\/en\/wp-json\/wp\/v2\/media?parent=9175"}],"wp:term":[{"taxonomy":"category","embeddable":true,"href":"https:\/\/jlegal.pt\/en\/wp-json\/wp\/v2\/categories?post=9175"},{"taxonomy":"post_tag","embeddable":true,"href":"https:\/\/jlegal.pt\/en\/wp-json\/wp\/v2\/tags?post=9175"}],"curies":[{"name":"wp","href":"https:\/\/api.w.org\/{rel}","templated":true}]}}