{"id":9178,"date":"2023-07-20T15:45:02","date_gmt":"2023-07-20T19:45:02","guid":{"rendered":"https:\/\/jlegal.pt\/?p=9178"},"modified":"2023-07-20T15:45:02","modified_gmt":"2023-07-20T19:45:02","slug":"jose-diogo-horta-osorio-para-o-jornal-economico","status":"publish","type":"post","link":"https:\/\/jlegal.pt\/en\/jose-diogo-horta-osorio-para-o-jornal-economico\/","title":{"rendered":"Jos\u00e9 Diogo Horta Os\u00f3rio para o Jornal Econ\u00f3mico"},"content":{"rendered":"<p><a role=\"button\" href=\"https:\/\/jlegal.pt\/en\/news\/\">Go back<br \/>\n<\/a><\/p>\n<h1 class=\"elementor-heading-title elementor-size-default\">Jos\u00e9 Diogo Horta Os\u00f3rio no Jornal Econ\u00f3mico<\/h1>\n<h2>17 de maio 2023<b><\/b><\/h2>\n<p><a href=\"https:\/\/jlegal.pt\/en\/equipa\/jose-diogo-horta-osorio\/\"><b>Jos\u00e9 Diogo Horta Os\u00f3rio<\/b><\/a> escreveu um artigo para o <strong>Jornal Econ\u00f3mico<\/strong> sobre o contexto atual da economia portuguesa, no \u00e2mbito de um relat\u00f3rio da OCDE que conclui que Portugal \u00e9 o pa\u00eds europeu onde os custos salariais s\u00e3o os mais elevados.<\/p>\n<p>Nas palavras do s\u00f3cio fundador da J + Legal | Sociedade de Advogados, \u201ca execu\u00e7\u00e3o do PRR \u00e9 rid\u00edcula e a maior parte do bolo \u00e9 dedicado \u00e0 administra\u00e7\u00e3o p\u00fablica. A digitaliza\u00e7\u00e3o da mesma, at\u00e9 \u00e0 data, serviu apenas para a apresenta\u00e7\u00e3o do cart\u00e3o de cidad\u00e3o como cart\u00e3o \u2018contactless\u2019.<\/p>\n<p>Tudo pobre. Uma \u201csad season\u201d\u201d.<\/p>\n<p><a href=\"https:\/\/jornaleconomico.pt\/noticias\/silly-season-e-uma-sad-season\/\">Pode ler o artigo na \u00edntegra aqui.<\/a><\/p>","protected":false},"excerpt":{"rendered":"<p>Jos\u00e9 Diogo Horta Os\u00f3rio para o Jornal Econ\u00f3mico<\/p>","protected":false},"author":1,"featured_media":9179,"comment_status":"open","ping_status":"open","sticky":false,"template":"","format":"standard","meta":{"footnotes":""},"categories":[5],"tags":[],"class_list":["post-9178","post","type-post","status-publish","format-standard","has-post-thumbnail","hentry","category-noticias"],"aioseo_notices":[],"acf":[],"_links":{"self":[{"href":"https:\/\/jlegal.pt\/en\/wp-json\/wp\/v2\/posts\/9178","targetHints":{"allow":["GET"]}}],"collection":[{"href":"https:\/\/jlegal.pt\/en\/wp-json\/wp\/v2\/posts"}],"about":[{"href":"https:\/\/jlegal.pt\/en\/wp-json\/wp\/v2\/types\/post"}],"author":[{"embeddable":true,"href":"https:\/\/jlegal.pt\/en\/wp-json\/wp\/v2\/users\/1"}],"replies":[{"embeddable":true,"href":"https:\/\/jlegal.pt\/en\/wp-json\/wp\/v2\/comments?post=9178"}],"version-history":[{"count":1,"href":"https:\/\/jlegal.pt\/en\/wp-json\/wp\/v2\/posts\/9178\/revisions"}],"predecessor-version":[{"id":9180,"href":"https:\/\/jlegal.pt\/en\/wp-json\/wp\/v2\/posts\/9178\/revisions\/9180"}],"wp:featuredmedia":[{"embeddable":true,"href":"https:\/\/jlegal.pt\/en\/wp-json\/wp\/v2\/media\/9179"}],"wp:attachment":[{"href":"https:\/\/jlegal.pt\/en\/wp-json\/wp\/v2\/media?parent=9178"}],"wp:term":[{"taxonomy":"category","embeddable":true,"href":"https:\/\/jlegal.pt\/en\/wp-json\/wp\/v2\/categories?post=9178"},{"taxonomy":"post_tag","embeddable":true,"href":"https:\/\/jlegal.pt\/en\/wp-json\/wp\/v2\/tags?post=9178"}],"curies":[{"name":"wp","href":"https:\/\/api.w.org\/{rel}","templated":true}]}}