{"id":9184,"date":"2023-07-24T10:57:07","date_gmt":"2023-07-24T14:57:07","guid":{"rendered":"https:\/\/jlegal.pt\/?p=9184"},"modified":"2023-07-24T10:57:07","modified_gmt":"2023-07-24T14:57:07","slug":"jlegal-assessora-o-grupo-desfo-na-aquisicao-de-uma-participacao-de-controlo-na-companhia-norte-americana-pannellis-inc","status":"publish","type":"post","link":"https:\/\/jlegal.pt\/en\/jlegal-assessora-o-grupo-desfo-na-aquisicao-de-uma-participacao-de-controlo-na-companhia-norte-americana-pannellis-inc\/","title":{"rendered":"J+Legal assessora o grupo DESFO na aquisi\u00e7\u00e3o de uma participa\u00e7\u00e3o de controlo na companhia norte-americana Pannellis Inc"},"content":{"rendered":"<p><a role=\"button\" href=\"https:\/\/jlegal.pt\/en\/news\/\">Go back<br \/>\n<\/a><\/p>\n<h1 class=\"elementor-heading-title elementor-size-default\">J+Legal assessora o grupo DESFO na aquisi\u00e7\u00e3o de uma participa\u00e7\u00e3o de controlo na companhia norte-americana Pannellis Inc<\/h1>\n<h2>24 de julho 2023<b><\/b><\/h2>\n<p>A <strong>J+Legal<\/strong> assessorou o grupo <strong>DESFO<\/strong> na aquisi\u00e7\u00e3o de uma participa\u00e7\u00e3o de controlo na companhia norte-americana <strong>Pannellis Inc.<\/strong> (Fl\u00f3rida), designadamente na estrutura\u00e7\u00e3o fiscal da transa\u00e7\u00e3o, bem como no apoio \u00e0 negocia\u00e7\u00e3o e formaliza\u00e7\u00e3o do contrato de compra e venda das participa\u00e7\u00f5es sociais e do acordo parassocial. A transa\u00e7\u00e3o contou ainda com o apoio local da <strong>Scharlack PLLC<\/strong> e da VGV Corporate.<\/p>\n<p>As negocia\u00e7\u00f5es desta opera\u00e7\u00e3o foram conduzidas por <strong>Rui Bello da Silva<\/strong>, associado s\u00e9nior da equipa de <em>corporate<\/em>, M&amp;A\u00a0<em>and<\/em> <em>private equity <\/em>da J+Legal. A equipa contou ainda com a participa\u00e7\u00e3o de <strong>Jos\u00e9 Diogo Horta Os\u00f3rio<\/strong>, s\u00f3cio, bem como de <strong>Jaime Carvalho Esteves<\/strong> e de <strong>Manuel da Gama Quaresma<\/strong>, respetivamente s\u00f3cio e associado s\u00e9nior da equipa de <em>tax and private clients<\/em>.<\/p>\n<p>O grupo <strong>DESFO<\/strong> conta com um portef\u00f3lio diversificado de neg\u00f3cios nas \u00e1reas da ind\u00fastria, log\u00edstica, distribui\u00e7\u00e3o e retalho e investimento. A atividade da <strong>Pannellis<\/strong> inclui a distribui\u00e7\u00e3o de pain\u00e9is para serem utilizados na constru\u00e7\u00e3o de habita\u00e7\u00f5es.<\/p>","protected":false},"excerpt":{"rendered":"<p>J+Legal assessora o grupo DESFO na aquisi\u00e7\u00e3o de uma participa\u00e7\u00e3o de controlo na companhia norte-americana Pannellis Inc  <\/p>","protected":false},"author":1,"featured_media":9185,"comment_status":"open","ping_status":"open","sticky":false,"template":"","format":"standard","meta":{"footnotes":""},"categories":[5],"tags":[],"class_list":["post-9184","post","type-post","status-publish","format-standard","has-post-thumbnail","hentry","category-noticias"],"aioseo_notices":[],"acf":[],"_links":{"self":[{"href":"https:\/\/jlegal.pt\/en\/wp-json\/wp\/v2\/posts\/9184","targetHints":{"allow":["GET"]}}],"collection":[{"href":"https:\/\/jlegal.pt\/en\/wp-json\/wp\/v2\/posts"}],"about":[{"href":"https:\/\/jlegal.pt\/en\/wp-json\/wp\/v2\/types\/post"}],"author":[{"embeddable":true,"href":"https:\/\/jlegal.pt\/en\/wp-json\/wp\/v2\/users\/1"}],"replies":[{"embeddable":true,"href":"https:\/\/jlegal.pt\/en\/wp-json\/wp\/v2\/comments?post=9184"}],"version-history":[{"count":1,"href":"https:\/\/jlegal.pt\/en\/wp-json\/wp\/v2\/posts\/9184\/revisions"}],"predecessor-version":[{"id":9186,"href":"https:\/\/jlegal.pt\/en\/wp-json\/wp\/v2\/posts\/9184\/revisions\/9186"}],"wp:featuredmedia":[{"embeddable":true,"href":"https:\/\/jlegal.pt\/en\/wp-json\/wp\/v2\/media\/9185"}],"wp:attachment":[{"href":"https:\/\/jlegal.pt\/en\/wp-json\/wp\/v2\/media?parent=9184"}],"wp:term":[{"taxonomy":"category","embeddable":true,"href":"https:\/\/jlegal.pt\/en\/wp-json\/wp\/v2\/categories?post=9184"},{"taxonomy":"post_tag","embeddable":true,"href":"https:\/\/jlegal.pt\/en\/wp-json\/wp\/v2\/tags?post=9184"}],"curies":[{"name":"wp","href":"https:\/\/api.w.org\/{rel}","templated":true}]}}