{"id":9188,"date":"2023-08-10T07:35:22","date_gmt":"2023-08-10T11:35:22","guid":{"rendered":"https:\/\/jlegal.pt\/?p=9188"},"modified":"2023-08-10T07:35:22","modified_gmt":"2023-08-10T11:35:22","slug":"jlegal-promove-2-associados","status":"publish","type":"post","link":"https:\/\/jlegal.pt\/en\/jlegal-promove-2-associados\/","title":{"rendered":"J+Legal promove 2 Associados"},"content":{"rendered":"<p><a role=\"button\" href=\"https:\/\/jlegal.pt\/en\/news\/\">Go back<br \/>\n<\/a><\/p>\n<h1 class=\"elementor-heading-title elementor-size-default\">J+Legal promove 2 Associados<\/h1>\n<h2>10 de agosto 2023<\/h2>\n<p>Tivemos ontem a feliz not\u00edcia que a <strong>Carolina Serrano Correia<\/strong> e o <strong>Pedro Faria<\/strong> tinham sido aprovados nos exames da <strong>Ordem dos Advogados<\/strong> e que fazem parte, assim, do grupo de quatro Advogados j\u00e1 formados na <strong>J+Legal<\/strong> (com o <strong>Jo\u00e3o Leite de Carvalho<\/strong> e a <strong>Maria Nunes da Fonseca<\/strong>). N\u00e3o h\u00e1 como exagerar a import\u00e2ncia que damos a momentos destes. Primeiro, porque sabemos que a forma\u00e7\u00e3o de profissionais de excel\u00eancia, com os valores que reputamos essenciais, \u00e9 a nossa maior responsabilidade como escrit\u00f3rio de Advogados integrado numa comunidade. Segundo, \u00a0porque sabemos que \u00e9 nos estagi\u00e1rios e jovens advogados que est\u00e1 o nosso passaporte para futuro e a chave para o nosso crescimento. Terceiro, porque \u00e9 uma felicidade ainda maior por ver jovens t\u00e3o extraordin\u00e1rios como a <strong>Carolina<\/strong> e o <strong>Pedro<\/strong> fazerem o seu caminho. Muitos parab\u00e9ns, queridos <strong>Carolina<\/strong> e <strong>Pedro<\/strong>. Continuamos a fazer o nosso caminho lado a lado.<\/p>","protected":false},"excerpt":{"rendered":"<p>J+Legal promove 2 Associados<\/p>","protected":false},"author":1,"featured_media":9189,"comment_status":"open","ping_status":"open","sticky":false,"template":"","format":"standard","meta":{"footnotes":""},"categories":[5],"tags":[],"class_list":["post-9188","post","type-post","status-publish","format-standard","has-post-thumbnail","hentry","category-noticias"],"aioseo_notices":[],"acf":[],"_links":{"self":[{"href":"https:\/\/jlegal.pt\/en\/wp-json\/wp\/v2\/posts\/9188","targetHints":{"allow":["GET"]}}],"collection":[{"href":"https:\/\/jlegal.pt\/en\/wp-json\/wp\/v2\/posts"}],"about":[{"href":"https:\/\/jlegal.pt\/en\/wp-json\/wp\/v2\/types\/post"}],"author":[{"embeddable":true,"href":"https:\/\/jlegal.pt\/en\/wp-json\/wp\/v2\/users\/1"}],"replies":[{"embeddable":true,"href":"https:\/\/jlegal.pt\/en\/wp-json\/wp\/v2\/comments?post=9188"}],"version-history":[{"count":1,"href":"https:\/\/jlegal.pt\/en\/wp-json\/wp\/v2\/posts\/9188\/revisions"}],"predecessor-version":[{"id":9190,"href":"https:\/\/jlegal.pt\/en\/wp-json\/wp\/v2\/posts\/9188\/revisions\/9190"}],"wp:featuredmedia":[{"embeddable":true,"href":"https:\/\/jlegal.pt\/en\/wp-json\/wp\/v2\/media\/9189"}],"wp:attachment":[{"href":"https:\/\/jlegal.pt\/en\/wp-json\/wp\/v2\/media?parent=9188"}],"wp:term":[{"taxonomy":"category","embeddable":true,"href":"https:\/\/jlegal.pt\/en\/wp-json\/wp\/v2\/categories?post=9188"},{"taxonomy":"post_tag","embeddable":true,"href":"https:\/\/jlegal.pt\/en\/wp-json\/wp\/v2\/tags?post=9188"}],"curies":[{"name":"wp","href":"https:\/\/api.w.org\/{rel}","templated":true}]}}