{"id":9212,"date":"2023-09-04T12:57:44","date_gmt":"2023-09-04T16:57:44","guid":{"rendered":"https:\/\/jlegal.pt\/?p=9212"},"modified":"2023-09-04T13:09:48","modified_gmt":"2023-09-04T17:09:48","slug":"a-jlegal-cresceeeeeeeeeu","status":"publish","type":"post","link":"https:\/\/jlegal.pt\/en\/a-jlegal-cresceeeeeeeeeu\/","title":{"rendered":"A J+Legal cresceeeeeeeeeu!"},"content":{"rendered":"<p><a role=\"button\" href=\"https:\/\/jlegal.pt\/en\/news\/\">Go back<br \/>\n<\/a><\/p>\n<h1 class=\"elementor-heading-title elementor-size-default\">A J+Legal cresceeeeeeeeeu!<\/h1>\n<h2>04 de setembro 2023<b><\/b><\/h2>\n<p>Hoje foi um dia importante. Com a equipa completa ap\u00f3s o regresso de f\u00e9rias, inaugur\u00e1mos as nossas novas instala\u00e7\u00f5es, tendo passado a ocupar todo o sexto piso do edif\u00edcio, com o dobro do espa\u00e7o com que come\u00e7\u00e1mos h\u00e1 menos de tr\u00eas anos. Mas, t\u00e3o ou mais importante do que o nosso crescimento de espa\u00e7o, \u00e9 o crescimento da equipa, tendo sido o dia em que demos as boas-vindas aos nossos quatro novos estagi\u00e1rios, a <strong>Maria<\/strong>, a <strong>Mariana<\/strong>, o <strong>Jos\u00e9<\/strong> e o <strong>Tom\u00e1s<\/strong>, que chegam com todos os sonhos e projetos do mundo (e c\u00e1 estaremos para os ajudar a concretiz\u00e1-los). Crescemos e queremos continuar a crescer. Obrigado a todos os que nos ajudaram neste caminho.<\/p>","protected":false},"excerpt":{"rendered":"<p>A J+Legal cresceeeeeeeeeu!<\/p>","protected":false},"author":1,"featured_media":9215,"comment_status":"open","ping_status":"open","sticky":false,"template":"","format":"standard","meta":{"footnotes":""},"categories":[5],"tags":[],"class_list":["post-9212","post","type-post","status-publish","format-standard","has-post-thumbnail","hentry","category-noticias"],"aioseo_notices":[],"acf":[],"_links":{"self":[{"href":"https:\/\/jlegal.pt\/en\/wp-json\/wp\/v2\/posts\/9212","targetHints":{"allow":["GET"]}}],"collection":[{"href":"https:\/\/jlegal.pt\/en\/wp-json\/wp\/v2\/posts"}],"about":[{"href":"https:\/\/jlegal.pt\/en\/wp-json\/wp\/v2\/types\/post"}],"author":[{"embeddable":true,"href":"https:\/\/jlegal.pt\/en\/wp-json\/wp\/v2\/users\/1"}],"replies":[{"embeddable":true,"href":"https:\/\/jlegal.pt\/en\/wp-json\/wp\/v2\/comments?post=9212"}],"version-history":[{"count":1,"href":"https:\/\/jlegal.pt\/en\/wp-json\/wp\/v2\/posts\/9212\/revisions"}],"predecessor-version":[{"id":9214,"href":"https:\/\/jlegal.pt\/en\/wp-json\/wp\/v2\/posts\/9212\/revisions\/9214"}],"wp:featuredmedia":[{"embeddable":true,"href":"https:\/\/jlegal.pt\/en\/wp-json\/wp\/v2\/media\/9215"}],"wp:attachment":[{"href":"https:\/\/jlegal.pt\/en\/wp-json\/wp\/v2\/media?parent=9212"}],"wp:term":[{"taxonomy":"category","embeddable":true,"href":"https:\/\/jlegal.pt\/en\/wp-json\/wp\/v2\/categories?post=9212"},{"taxonomy":"post_tag","embeddable":true,"href":"https:\/\/jlegal.pt\/en\/wp-json\/wp\/v2\/tags?post=9212"}],"curies":[{"name":"wp","href":"https:\/\/api.w.org\/{rel}","templated":true}]}}