{"id":9243,"date":"2023-10-10T13:31:06","date_gmt":"2023-10-10T17:31:06","guid":{"rendered":"https:\/\/jlegal.pt\/?p=9243"},"modified":"2023-10-10T13:31:06","modified_gmt":"2023-10-10T17:31:06","slug":"jaime-carvalho-esteves-no-eco-e-sobre-o-que-interessa-o-orcamento-disse-nada","status":"publish","type":"post","link":"https:\/\/jlegal.pt\/en\/jaime-carvalho-esteves-no-eco-e-sobre-o-que-interessa-o-orcamento-disse-nada\/","title":{"rendered":"Jaime Carvalho Esteves no ECO, &#8220;E sobre o que interessa, o Or\u00e7amento disse nada&#8221;"},"content":{"rendered":"<p><a role=\"button\" href=\"https:\/\/jlegal.pt\/en\/news\/\">Go back<br \/>\n<\/a><\/p>\n<h1 class=\"elementor-heading-title elementor-size-default\">Jaime Carvalho Esteves no ECO, &#8220;E sobre o que interessa, o Or\u00e7amento disse nada&#8221;<\/h1>\n<h2>10 de outubro de 2023<b><\/b><\/h2>\n<p><a href=\"https:\/\/jlegal.pt\/pt\/jaime-carvalho-esteves\/\" target=\"_blank\" rel=\"noopener\"><b>Jaime Carvalho Esteves<\/b><\/a> e<span class=\"ui-provider ed bbq bbr bbs bbt bbu bbv bbw bbx bby bbz bca bcb bcc bcd bce bcf bcg bch bci bcj bck bcl bcm bcn bco bcp bcq bcr bcs bct bcu bcv bcw bcx\" dir=\"ltr\">screveu um artigo para a @Eco sobre a proposta de Or\u00e7amento de Estado para 2024, entregue hoje pelo Governo \u00e0 Assembleia da Rep\u00fablica.<\/span><\/p>\n<p>Nas palavras <span class=\"ui-provider ed bbq bbr bbs bbt bbu bbv bbw bbx bby bbz bca bcb bcc bcd bce bcf bcg bch bci bcj bck bcl bcm bcn bco bcp bcq bcr bcs bct bcu bcv bcw bcx\" dir=\"ltr\">do s\u00f3cio fundador da <a class=\"fui-Link ___10kug0w f3rmtva f1ewtqcl fyind8e f1k6fduh f1w7gpdv fk6fouc fjoy568 figsok6 f1hu3pq6 f11qmguv f19f4twv f1tyq0we f1g0x7ka fhxju0i f1qch9an f1cnd47f fqv5qza f1vmzxwi f1o700av f13mvf36 f1cmlufx f9n3di6 f1ids18y f1tx3yz7 f1deo86v f1eh06m1 f1iescvh fhgqx19 f1olyrje f1p93eir f1nev41a f1h8hb77 f1lqvz6u f10aw75t fsle3fq f17ae5zn\" title=\"https:\/\/www.linkedin.com\/company\/j-legal-sociedade-de-advogados-sp-rl\/\" href=\"https:\/\/www.linkedin.com\/company\/j-legal-sociedade-de-advogados-sp-rl\/\" target=\"_blank\" rel=\"noreferrer noopener\" aria-label=\"Liga\u00e7\u00e3o J + Legal | Sociedade de Advogados\">J + Legal | Sociedade de Advogados<\/a>, \u201cA redu\u00e7\u00e3o de impostos \u00e9 uma necessidade, muito mais do que uma mera possiblidade\u201d, terminando por dar dar o exemplo do &#8220;\u201cimposto mais est\u00fapido do mundo\u201d (a velha SISA e, hoje, IMT) acabou por nunca ser abolido (foi, at\u00e9, recentemente aumentado), em resultado da incapacidade de financiar as autarquias locais. Mas \u00e9 ele quem cria uma brutal press\u00e3o inflacionista no mercado imobili\u00e1rio: um im\u00f3vel hoje adquirido por 100 unidades custa, de facto, 107,3 (6,5% de IMI e 0,8% de Imposto do Selo, ao qual acrescem os IMI e AIMI anuais). Quer isto dizer que quem compra um im\u00f3vel s\u00f3 o pode revender por um valor superior em mais de 7,3% ao seu custo de aquisi\u00e7\u00e3o, para n\u00e3o perder dinheiro. E assim sucessivamente, Ou seja, o Estado estimula a infla\u00e7\u00e3o na habita\u00e7\u00e3o.&#8221;<\/span><\/p>\n<p><a href=\"https:\/\/eco.sapo.pt\/opiniao\/e-sobre-o-que-interessa-o-orcamento-disse-nada\/\">Pode ler o artigo na \u00edntegra aqui.\u00a0<\/a><\/p>\n<p>&nbsp;<\/p>","protected":false},"excerpt":{"rendered":"<p>Jaime Carvalho Esteves no ECO, &#8220;E sobre o que interessa, o Or\u00e7amento disse nada&#8221;<\/p>","protected":false},"author":1,"featured_media":9244,"comment_status":"open","ping_status":"open","sticky":false,"template":"","format":"standard","meta":{"footnotes":""},"categories":[5],"tags":[],"class_list":["post-9243","post","type-post","status-publish","format-standard","has-post-thumbnail","hentry","category-noticias"],"aioseo_notices":[],"acf":[],"_links":{"self":[{"href":"https:\/\/jlegal.pt\/en\/wp-json\/wp\/v2\/posts\/9243","targetHints":{"allow":["GET"]}}],"collection":[{"href":"https:\/\/jlegal.pt\/en\/wp-json\/wp\/v2\/posts"}],"about":[{"href":"https:\/\/jlegal.pt\/en\/wp-json\/wp\/v2\/types\/post"}],"author":[{"embeddable":true,"href":"https:\/\/jlegal.pt\/en\/wp-json\/wp\/v2\/users\/1"}],"replies":[{"embeddable":true,"href":"https:\/\/jlegal.pt\/en\/wp-json\/wp\/v2\/comments?post=9243"}],"version-history":[{"count":1,"href":"https:\/\/jlegal.pt\/en\/wp-json\/wp\/v2\/posts\/9243\/revisions"}],"predecessor-version":[{"id":9245,"href":"https:\/\/jlegal.pt\/en\/wp-json\/wp\/v2\/posts\/9243\/revisions\/9245"}],"wp:featuredmedia":[{"embeddable":true,"href":"https:\/\/jlegal.pt\/en\/wp-json\/wp\/v2\/media\/9244"}],"wp:attachment":[{"href":"https:\/\/jlegal.pt\/en\/wp-json\/wp\/v2\/media?parent=9243"}],"wp:term":[{"taxonomy":"category","embeddable":true,"href":"https:\/\/jlegal.pt\/en\/wp-json\/wp\/v2\/categories?post=9243"},{"taxonomy":"post_tag","embeddable":true,"href":"https:\/\/jlegal.pt\/en\/wp-json\/wp\/v2\/tags?post=9243"}],"curies":[{"name":"wp","href":"https:\/\/api.w.org\/{rel}","templated":true}]}}