{"id":9253,"date":"2023-11-07T06:52:35","date_gmt":"2023-11-07T11:52:35","guid":{"rendered":"https:\/\/jlegal.pt\/?p=9253"},"modified":"2023-11-07T06:52:35","modified_gmt":"2023-11-07T11:52:35","slug":"nuno-de-mendia-escreve-no-jornal-de-negocios-sobre-o-programa-mais-habitacao","status":"publish","type":"post","link":"https:\/\/jlegal.pt\/en\/nuno-de-mendia-escreve-no-jornal-de-negocios-sobre-o-programa-mais-habitacao\/","title":{"rendered":"Nuno de Mendia escreve no Jornal de Neg\u00f3cios sobre o Programa \u201cMais Habita\u00e7\u00e3o\u201d"},"content":{"rendered":"<p><a role=\"button\" href=\"https:\/\/jlegal.pt\/en\/news\/\">Go back<br \/>\n<\/a><\/p>\n<h1 class=\"elementor-heading-title elementor-size-default\">Nuno de Mendia escreve no Jornal de Neg\u00f3cios sobre o Programa \u201cMais Habita\u00e7\u00e3o\u201d<\/h1>\n<h2>07 de novembro de 2023<b><\/b><\/h2>\n<p>Para o associado s\u00e9nior da \u00e1rea de Real Estate and Planning da J+Legal, o objetivo do Governo ao lan\u00e7ar este pacote legislativo com a \u201cconstru\u00e7\u00e3o de incentivos ao mercado de arrendamento privado\u201d foi completamente falhado, e os investidores est\u00e3o a realizar o movimento contr\u00e1rio.<\/p>\n<p>&nbsp;<\/p>\n<p>\u201cO NRAU &#8211; Novo Regime do Arrendamento Urbano, teve um percurso atribulado e complexo, mas a verdade \u00e9 que tal regime estava j\u00e1 enraizado e relativamente funcional no quotidiano do com\u00e9rcio jur\u00eddico e h\u00e1 muitos anos que n\u00e3o se sentia tanta confian\u00e7a das partes aquando da celebra\u00e7\u00e3o de contratos de arrendamento\u201d.<\/p>\n<p>&nbsp;<\/p>\n<p>As consequ\u00eancias com a implementa\u00e7\u00e3o do regime \u201cMais Habita\u00e7\u00e3o\u201d, trazem, a n\u00edvel pr\u00e1tico, situa\u00e7\u00f5es que a longo prazo podem significar novamente a degrada\u00e7\u00e3o dos bens imobili\u00e1rios. Pode ler todo o artigo, publicado no @Jornal de Neg\u00f3cios, <strong><a href=\"https:\/\/jlegal.pt\/wp-content\/uploads\/2023\/11\/Nuno-de-Mendia.pdf\">aqui<\/a>.<\/strong><\/p>\n<p>&nbsp;<\/p>","protected":false},"excerpt":{"rendered":"<p>Nuno de Mendia escreve no Jornal de Neg\u00f3cios sobre o Programa \u201cMais Habita\u00e7\u00e3o\u201d<\/p>","protected":false},"author":1,"featured_media":9254,"comment_status":"open","ping_status":"open","sticky":false,"template":"","format":"standard","meta":{"footnotes":""},"categories":[5],"tags":[],"class_list":["post-9253","post","type-post","status-publish","format-standard","has-post-thumbnail","hentry","category-noticias"],"aioseo_notices":[],"acf":[],"_links":{"self":[{"href":"https:\/\/jlegal.pt\/en\/wp-json\/wp\/v2\/posts\/9253","targetHints":{"allow":["GET"]}}],"collection":[{"href":"https:\/\/jlegal.pt\/en\/wp-json\/wp\/v2\/posts"}],"about":[{"href":"https:\/\/jlegal.pt\/en\/wp-json\/wp\/v2\/types\/post"}],"author":[{"embeddable":true,"href":"https:\/\/jlegal.pt\/en\/wp-json\/wp\/v2\/users\/1"}],"replies":[{"embeddable":true,"href":"https:\/\/jlegal.pt\/en\/wp-json\/wp\/v2\/comments?post=9253"}],"version-history":[{"count":2,"href":"https:\/\/jlegal.pt\/en\/wp-json\/wp\/v2\/posts\/9253\/revisions"}],"predecessor-version":[{"id":9483,"href":"https:\/\/jlegal.pt\/en\/wp-json\/wp\/v2\/posts\/9253\/revisions\/9483"}],"wp:featuredmedia":[{"embeddable":true,"href":"https:\/\/jlegal.pt\/en\/wp-json\/wp\/v2\/media\/9254"}],"wp:attachment":[{"href":"https:\/\/jlegal.pt\/en\/wp-json\/wp\/v2\/media?parent=9253"}],"wp:term":[{"taxonomy":"category","embeddable":true,"href":"https:\/\/jlegal.pt\/en\/wp-json\/wp\/v2\/categories?post=9253"},{"taxonomy":"post_tag","embeddable":true,"href":"https:\/\/jlegal.pt\/en\/wp-json\/wp\/v2\/tags?post=9253"}],"curies":[{"name":"wp","href":"https:\/\/api.w.org\/{rel}","templated":true}]}}