{"id":9258,"date":"2023-11-21T04:53:00","date_gmt":"2023-11-21T09:53:00","guid":{"rendered":"https:\/\/jlegal.pt\/?p=9258"},"modified":"2023-11-21T04:53:00","modified_gmt":"2023-11-21T09:53:00","slug":"jlegal-assessora-o-grupo-bel-na-venda-de-uma-participacao-de-controlo-na-global-media-group","status":"publish","type":"post","link":"https:\/\/jlegal.pt\/en\/jlegal-assessora-o-grupo-bel-na-venda-de-uma-participacao-de-controlo-na-global-media-group\/","title":{"rendered":"J+Legal assessora o Grupo Bel, na venda de uma participa\u00e7\u00e3o de controlo na Global Media Group"},"content":{"rendered":"<p><a role=\"button\" href=\"https:\/\/jlegal.pt\/en\/news\/\">Go back<br \/>\n<\/a><\/p>\n<h1 class=\"elementor-heading-title elementor-size-default\">J+Legal assessora o Grupo Bel, na venda de uma participa\u00e7\u00e3o de controlo na Global Media Group<\/h1>\n<h2>21 de novembro de 2023<b><\/b><\/h2>\n<p>A <strong>J+Legal<\/strong> assessorou o <strong>Grupo Bel<\/strong>, do empres\u00e1rio Marco Galinha, nomeadamente as sociedades Palavras de Prest\u00edgio, Lda. e Grupo Bel, S.A., na aliena\u00e7\u00e3o ao World Opportunity Fund Ltd de uma participa\u00e7\u00e3o de controlo na<strong> Global Media Group<\/strong>, bem como na opera\u00e7\u00e3o pr\u00e9via de carve-out das revistas <strong>Evas\u00f5es<\/strong>, <strong>Volta ao Mundo<\/strong> e <strong>Men\u2019s Health<\/strong>. A assessoria consistiu no apoio \u00e0 negocia\u00e7\u00e3o e formaliza\u00e7\u00e3o do contrato de compra e venda das participa\u00e7\u00f5es sociais e do contrato de trespasse das revistas, bem como no cumprimento de todas as regras regulat\u00f3rias.<\/p>\n<p>&nbsp;<\/p>\n<p>As negocia\u00e7\u00f5es desta opera\u00e7\u00e3o foram conduzidas por <strong>Jos\u00e9 Diogo Horta Os\u00f3rio<\/strong> (s\u00f3cio) e por <strong>Rui Bello da Silva<\/strong> (associado s\u00e9nior), contando ainda com a interven\u00e7\u00e3o da associada <strong>Carolina Serrano Correia<\/strong>, todos da equipa de <em>corporate<\/em>, M&amp;A e <em>private equity <\/em>da J+Legal.<\/p>\n<p>&nbsp;<\/p>\n<p>O Global Media Group \u00e9 um dos maiores grupos de media a atuar em Portugal. Det\u00e9m marcas de grande relev\u00e2ncia no panorama dos media em Portugal, estando presente nos setores da imprensa, r\u00e1dio, digital, distribui\u00e7\u00e3o e gest\u00e3o de direitos de autor.<\/p>\n<p>O Grupo \u00e9 composto por marcas de refer\u00eancia como a\u00a0TSF, t\u00edtulos centen\u00e1rios como o\u00a0Di\u00e1rio de Not\u00edcias, o\u00a0Jornal de Not\u00edcias, o\u00a0A\u00e7oriano Oriental\u00a0(o jornal mais antigo de Portugal) e o\u00a0Di\u00e1rio de Not\u00edcias da Madeira, a marca desportiva\u00a0O Jogo\u00a0e o econ\u00f3mico\u00a0Dinheiro Vivo. A estas juntam-se a informa\u00e7\u00e3o no feminino com o\u00a0Delas.pt\u00a0e a informa\u00e7\u00e3o relativa \u00e0 mobilidade humana com o\u00a0Motor 24, bem como o t\u00edtulo de informa\u00e7\u00e3o de entretenimento\u00a0N-TV. Na \u00e1rea de revistas contam-se a\u00a0Not\u00edcias Magazine e a\u00a0Women\u2019s Health.<\/p>\n<p>Aquando da aquisi\u00e7\u00e3o por parte do Grupo Bel da totalidade da participa\u00e7\u00e3o social da Global Media Group, em setembro de 2020, a empresa encontrava-se numa situa\u00e7\u00e3o dif\u00edcil, naturalmente agravada pelo contexto de pandemia que teve um forte impacto em toda a \u00e1rea dos media. Durante a administra\u00e7\u00e3o liderada por Marco Galinha, o plano de reestrutura\u00e7\u00e3o implementado permitiu revitalizar uma das maiores refer\u00eancias do jornalismo nacional, privilegiando os recursos das empresas, sempre com o objetivo de criar as condi\u00e7\u00f5es favor\u00e1veis \u00e0 implementa\u00e7\u00e3o de um projeto estrat\u00e9gico com vista ao crescimento, desenvolvimento e refor\u00e7o do investimento em todas as \u00e1reas e marcas do Grupo, dando primazia \u00e0 identidade de cada uma das suas marcas.<\/p>","protected":false},"excerpt":{"rendered":"<p>J+Legal assessora o Grupo Bel, na venda de uma participa\u00e7\u00e3o de controlo na Global Media Group<\/p>","protected":false},"author":1,"featured_media":9259,"comment_status":"open","ping_status":"open","sticky":false,"template":"","format":"standard","meta":{"footnotes":""},"categories":[5],"tags":[],"class_list":["post-9258","post","type-post","status-publish","format-standard","has-post-thumbnail","hentry","category-noticias"],"aioseo_notices":[],"acf":[],"_links":{"self":[{"href":"https:\/\/jlegal.pt\/en\/wp-json\/wp\/v2\/posts\/9258","targetHints":{"allow":["GET"]}}],"collection":[{"href":"https:\/\/jlegal.pt\/en\/wp-json\/wp\/v2\/posts"}],"about":[{"href":"https:\/\/jlegal.pt\/en\/wp-json\/wp\/v2\/types\/post"}],"author":[{"embeddable":true,"href":"https:\/\/jlegal.pt\/en\/wp-json\/wp\/v2\/users\/1"}],"replies":[{"embeddable":true,"href":"https:\/\/jlegal.pt\/en\/wp-json\/wp\/v2\/comments?post=9258"}],"version-history":[{"count":1,"href":"https:\/\/jlegal.pt\/en\/wp-json\/wp\/v2\/posts\/9258\/revisions"}],"predecessor-version":[{"id":9260,"href":"https:\/\/jlegal.pt\/en\/wp-json\/wp\/v2\/posts\/9258\/revisions\/9260"}],"wp:featuredmedia":[{"embeddable":true,"href":"https:\/\/jlegal.pt\/en\/wp-json\/wp\/v2\/media\/9259"}],"wp:attachment":[{"href":"https:\/\/jlegal.pt\/en\/wp-json\/wp\/v2\/media?parent=9258"}],"wp:term":[{"taxonomy":"category","embeddable":true,"href":"https:\/\/jlegal.pt\/en\/wp-json\/wp\/v2\/categories?post=9258"},{"taxonomy":"post_tag","embeddable":true,"href":"https:\/\/jlegal.pt\/en\/wp-json\/wp\/v2\/tags?post=9258"}],"curies":[{"name":"wp","href":"https:\/\/api.w.org\/{rel}","templated":true}]}}