{"id":9265,"date":"2023-11-27T05:36:32","date_gmt":"2023-11-27T10:36:32","guid":{"rendered":"https:\/\/jlegal.pt\/?p=9265"},"modified":"2023-11-27T05:36:49","modified_gmt":"2023-11-27T10:36:49","slug":"jlegal-recebe-miguel-morgado-para-a-14a-edicao-das-jtalks","status":"publish","type":"post","link":"https:\/\/jlegal.pt\/en\/jlegal-recebe-miguel-morgado-para-a-14a-edicao-das-jtalks\/","title":{"rendered":"J+Legal recebe Miguel Morgado para a 14\u00aa Edi\u00e7\u00e3o das J+Talks"},"content":{"rendered":"<p><a role=\"button\" href=\"https:\/\/jlegal.pt\/en\/news\/\">Go back<br \/>\n<\/a><\/p>\n<h1 class=\"elementor-heading-title elementor-size-default\">J+Legal recebe Miguel Morgado para a 14.\u00aa Edi\u00e7\u00e3o das J+Talks<\/h1>\n<h2>27 de novembro de 2023<b><\/b><\/h2>\n<p>Na passada quinta-feira, na 14\u00aa edi\u00e7\u00e3o das nossas J+Talks, cont\u00e1mos com a presen\u00e7a do nosso amigo Miguel Morgado, para nos falar de Israel e da complexa hist\u00f3ria da pol\u00edtica do m\u00e9dio-oriente. O Miguel dispensa apresenta\u00e7\u00f5es \u2013 doutorado em ci\u00eancia pol\u00edtica, professor na Universidade Cat\u00f3lica e um homem com uma j\u00e1 longa e importante interven\u00e7\u00e3o c\u00edvica e p\u00fablica. Foram, como sempre, duas magn\u00edficas horas, muito participadas, em que se falou da dif\u00edcil atualidade na Cisjord\u00e2nica, na Faixa de Gaza e em Israel, a que assistimos diariamente, em que pass\u00e1mos por v\u00e1rios epis\u00f3dios da complexa hist\u00f3ria do processo que nos deixou aqui, n\u00e3o deixando de refletir em v\u00e1rios problemas centrais de ci\u00eancia pol\u00edtica e de filosofia. Foi, honestamente, magn\u00edfico, e agradecemos muito ao Miguel o tempo que ontem nos ofereceu. Deixou na J+Legal um grupo de f\u00e3s e de amigos.<\/p>\n<p>&nbsp;<\/p>\n<p>Fech\u00e1mos assim com chave de ouro as J+Talks de 2023, por onde passaram Ros\u00e1lia Amorim, Lu\u00eds Paix\u00e3o Martins, Aline Gallasch-Hall de Beuvink, Jos\u00e9 Gameiro e Ana Andrade, Jo\u00e3o Vieira de Almeida e, agora Miguel Morgado, e em que fal\u00e1mos de atualidade, de campanhas pol\u00edticas, de hist\u00f3ria ucraniana e monarquia, de amor e rela\u00e7\u00f5es sentimentais, de montanhas e, agora, de Israel. Foram sempre, em todos os casos, interven\u00e7\u00f5es que nos inspiraram, que fizeram com que os nossos dias fossem mais ricos, e que, por isso, muito agradecemos. Para o ano haver\u00e1 mais.<\/p>","protected":false},"excerpt":{"rendered":"<p>J+Legal recebe Miguel Morgado para a 14\u00aa Edi\u00e7\u00e3o das J+Talks<\/p>","protected":false},"author":1,"featured_media":9264,"comment_status":"open","ping_status":"open","sticky":false,"template":"","format":"standard","meta":{"footnotes":""},"categories":[5],"tags":[],"class_list":["post-9265","post","type-post","status-publish","format-standard","has-post-thumbnail","hentry","category-noticias"],"aioseo_notices":[],"acf":[],"_links":{"self":[{"href":"https:\/\/jlegal.pt\/en\/wp-json\/wp\/v2\/posts\/9265","targetHints":{"allow":["GET"]}}],"collection":[{"href":"https:\/\/jlegal.pt\/en\/wp-json\/wp\/v2\/posts"}],"about":[{"href":"https:\/\/jlegal.pt\/en\/wp-json\/wp\/v2\/types\/post"}],"author":[{"embeddable":true,"href":"https:\/\/jlegal.pt\/en\/wp-json\/wp\/v2\/users\/1"}],"replies":[{"embeddable":true,"href":"https:\/\/jlegal.pt\/en\/wp-json\/wp\/v2\/comments?post=9265"}],"version-history":[{"count":2,"href":"https:\/\/jlegal.pt\/en\/wp-json\/wp\/v2\/posts\/9265\/revisions"}],"predecessor-version":[{"id":9267,"href":"https:\/\/jlegal.pt\/en\/wp-json\/wp\/v2\/posts\/9265\/revisions\/9267"}],"wp:featuredmedia":[{"embeddable":true,"href":"https:\/\/jlegal.pt\/en\/wp-json\/wp\/v2\/media\/9264"}],"wp:attachment":[{"href":"https:\/\/jlegal.pt\/en\/wp-json\/wp\/v2\/media?parent=9265"}],"wp:term":[{"taxonomy":"category","embeddable":true,"href":"https:\/\/jlegal.pt\/en\/wp-json\/wp\/v2\/categories?post=9265"},{"taxonomy":"post_tag","embeddable":true,"href":"https:\/\/jlegal.pt\/en\/wp-json\/wp\/v2\/tags?post=9265"}],"curies":[{"name":"wp","href":"https:\/\/api.w.org\/{rel}","templated":true}]}}