{"id":9317,"date":"2024-02-19T15:00:02","date_gmt":"2024-02-19T20:00:02","guid":{"rendered":"https:\/\/jlegal.pt\/?p=9317"},"modified":"2024-02-19T15:00:02","modified_gmt":"2024-02-19T20:00:02","slug":"jlegal-assessora-o-grupo-barraqueiro-na-aquisicao-do-controlo-exclusivo-do-grupo-mgc-transportes","status":"publish","type":"post","link":"https:\/\/jlegal.pt\/en\/jlegal-assessora-o-grupo-barraqueiro-na-aquisicao-do-controlo-exclusivo-do-grupo-mgc-transportes\/","title":{"rendered":"J+Legal assessora o Grupo Barraqueiro na aquisi\u00e7\u00e3o do controlo exclusivo do Grupo MGC Transportes"},"content":{"rendered":"<p><a role=\"button\" href=\"https:\/\/jlegal.pt\/en\/news\/\">Go back<br \/>\n<\/a><\/p>\n<h1 class=\"elementor-heading-title elementor-size-default\"><strong>J+Legal assessora o Grupo Barraqueiro na aquisi\u00e7\u00e3o do controlo exclusivo do Grupo MGC Transportes<\/strong><\/h1>\n<h1 class=\"elementor-heading-title elementor-size-default\">19 de fevereiro de 2024<\/h1>\n<p>A J+Legal assessorou o Grupo Barraqueiro na aquisi\u00e7\u00e3o \u00e0 Valpi Bus e \u00e0 Amorim Neg\u00f3cios II do controlo exclusivo do Grupo MGC Transportes, composto pela Moreira, Gomes &amp; Costas, S.A. e, indiretamente, pela Ag\u00eancia de Viagens Sandinense, Sociedade Unipessoal, Lda.. O contrato de compra e venda de a\u00e7\u00f5es foi celebrado no dia 11 de janeiro de 2024, sendo que a conclus\u00e3o desta aliena\u00e7\u00e3o fica sujeita \u00e0 verifica\u00e7\u00e3o de um conjunto de condi\u00e7\u00f5es suspensivas, entre as quais a n\u00e3o oposi\u00e7\u00e3o da Autoridade da Concorr\u00eancia. Trata-se de uma opera\u00e7\u00e3o no setor do transporte rodovi\u00e1rio pesado de passageiros (transporte rodovi\u00e1rio ocasional e especializado de passageiros) e no setor da comercializa\u00e7\u00e3o retalhista de combust\u00edveis para transportes rodovi\u00e1rios.<\/p>\n<p>&nbsp;<\/p>\n<p>A assessoria consistiu, em uma fase pr\u00e9via, na realiza\u00e7\u00e3o de uma auditoria legal \u00e0s referidas sociedades, bem como no apoio \u00e0 negocia\u00e7\u00e3o e formaliza\u00e7\u00e3o do contrato de compra e venda de a\u00e7\u00f5es e na notifica\u00e7\u00e3o e pedido de aprova\u00e7\u00e3o pr\u00e9via por parte da Autoridade da Concorr\u00eancia. As negocia\u00e7\u00f5es desta opera\u00e7\u00e3o foram conduzidas por Jos\u00e9 Diogo Horta Os\u00f3rio (s\u00f3cio) e por Rui Bello da Silva (associado s\u00e9nior), contando ainda com a interven\u00e7\u00e3o da associada Carolina Serrano Correia, todos da equipa de <em>corporate<\/em> e M&amp;A da J+Legal.<\/p>\n<p>&nbsp;<\/p>\n<p>O Grupo Barraqueiro \u00e9 hoje o maior operador de mobilidade do pa\u00eds, composto por um vasto conjunto de empresas destinadas ao transporte p\u00fablico de passageiros, nomeadamente transporte rodovi\u00e1rio, ferrovi\u00e1rio e metrovi\u00e1rio, transporte de autom\u00f3veis e de log\u00edstica autom\u00f3vel, transporte tur\u00edstico e transporte especial de combust\u00edveis, de mat\u00e9rias perigosas e de outros produtos \u2013 atividades desenvolvidas pelas empresas Atlantic Cargo e Rodoatlantic Angola \u2013, e internacionaliza\u00e7\u00e3o na \u00e1rea de transporte p\u00fablico de passageiro no Brasil. O Grupo Barraqueiro emprega cerca de 9.000 trabalhadores, dispondo de mais de 4.500 ve\u00edculos rodovi\u00e1rios, ferro metrovi\u00e1rios e fluviais, de passageiros e de mercadorias que, anualmente, percorrem mais de 200 milh\u00f5es de quil\u00f3metro e transportam cerca de 300 milh\u00f5es de passageiros.<\/p>\n<p>&nbsp;<\/p>\n<p>O Grupo MGC Transportes desenvolve a sua atividade no setor do transporte pesado rodovi\u00e1rio de passageiros (transporte ocasional e regular especializado) nas \u00e1reas metropolitanas do Porto e Lisboa, detendo ainda postos de abastecimento em Vila Nova de Gaia, dedicando-se, ainda, ao com\u00e9rcio a retalho de combust\u00edveis, sendo propriet\u00e1ria e explorando, para o efeito, postos de abastecimento em Vila Nova de Gaia, com acordos com a Cepsa e a Galp.<\/p>","protected":false},"excerpt":{"rendered":"<p>J+Legal assessora o Grupo Barraqueiro na aquisi\u00e7\u00e3o do controlo exclusivo do Grupo MGC Transportes<\/p>","protected":false},"author":1,"featured_media":9259,"comment_status":"open","ping_status":"open","sticky":false,"template":"","format":"standard","meta":{"footnotes":""},"categories":[5],"tags":[],"class_list":["post-9317","post","type-post","status-publish","format-standard","has-post-thumbnail","hentry","category-noticias"],"aioseo_notices":[],"acf":[],"_links":{"self":[{"href":"https:\/\/jlegal.pt\/en\/wp-json\/wp\/v2\/posts\/9317","targetHints":{"allow":["GET"]}}],"collection":[{"href":"https:\/\/jlegal.pt\/en\/wp-json\/wp\/v2\/posts"}],"about":[{"href":"https:\/\/jlegal.pt\/en\/wp-json\/wp\/v2\/types\/post"}],"author":[{"embeddable":true,"href":"https:\/\/jlegal.pt\/en\/wp-json\/wp\/v2\/users\/1"}],"replies":[{"embeddable":true,"href":"https:\/\/jlegal.pt\/en\/wp-json\/wp\/v2\/comments?post=9317"}],"version-history":[{"count":1,"href":"https:\/\/jlegal.pt\/en\/wp-json\/wp\/v2\/posts\/9317\/revisions"}],"predecessor-version":[{"id":9318,"href":"https:\/\/jlegal.pt\/en\/wp-json\/wp\/v2\/posts\/9317\/revisions\/9318"}],"wp:featuredmedia":[{"embeddable":true,"href":"https:\/\/jlegal.pt\/en\/wp-json\/wp\/v2\/media\/9259"}],"wp:attachment":[{"href":"https:\/\/jlegal.pt\/en\/wp-json\/wp\/v2\/media?parent=9317"}],"wp:term":[{"taxonomy":"category","embeddable":true,"href":"https:\/\/jlegal.pt\/en\/wp-json\/wp\/v2\/categories?post=9317"},{"taxonomy":"post_tag","embeddable":true,"href":"https:\/\/jlegal.pt\/en\/wp-json\/wp\/v2\/tags?post=9317"}],"curies":[{"name":"wp","href":"https:\/\/api.w.org\/{rel}","templated":true}]}}