{"id":9323,"date":"2024-04-16T11:19:58","date_gmt":"2024-04-16T15:19:58","guid":{"rendered":"https:\/\/jlegal.pt\/?p=9323"},"modified":"2024-04-16T11:24:46","modified_gmt":"2024-04-16T15:24:46","slug":"jorge-brito-pereira-diogo-leonidas-rocha-e-jaime-carvalho-esteves-em-entrevista-para-o-jornal-economico","status":"publish","type":"post","link":"https:\/\/jlegal.pt\/en\/jorge-brito-pereira-diogo-leonidas-rocha-e-jaime-carvalho-esteves-em-entrevista-para-o-jornal-economico\/","title":{"rendered":"Jorge Brito Pereira, Diogo Le\u00f3nidas Rocha e Jaime Carvalho Esteves em Entrevista para o Jornal Econ\u00f3mico"},"content":{"rendered":"<p><a role=\"button\" href=\"https:\/\/jlegal.pt\/en\/news\/\">Go back<\/a><\/p>\n<h1>Jorge Brito Pereira, Diogo Le\u00f3nidas Rocha e Jaime Carvalho Esteves em Entrevista para o Jornal Econ\u00f3mico<\/h1>\n<p>&nbsp;<\/p>\n<p class=\"elementor-heading-title elementor-size-default\">16 de abril de 2024<\/p>\n<p>&nbsp;<\/p>\n<p>Na altura em que a J+Legal celebra o seu terceiro anivers\u00e1rio, os tr\u00eas s\u00f3cios foram entrevistados pelo Jornal Econ\u00f3mico discutir os desafios e conquistas enfrentados por uma nova sociedade de advogados.<\/p>\n<p>Garantem pretender a continuar a ser uma \u201c<em>startup<\/em> de seniores\u201d e a distinguir-se pela qualidade do servi\u00e7o.<\/p>\n<p>Para o S\u00f3cio Jorge Brito Pereira o \u201csalto qu\u00e2ntico nos \u00faltimos 12 meses foi entrarmos em grandes transa\u00e7\u00f5es\u201d.<\/p>\n<p>Pode ler todo o artigo, publicado no @Jornal Econ\u00f3mico,\u00a0<strong><u><a href=\"https:\/\/heyzine.com\/flip-book\/f8becb5290.html#page\/1\">aqui<\/a><\/u><\/strong><u>.<\/u><\/p>","protected":false},"excerpt":{"rendered":"<p>Jorge Brito Pereira, Diogo Le\u00f3nidas Rocha e Jaime Carvalho Esteves em Entrevista para o Jornal Econ\u00f3mico<\/p>","protected":false},"author":1,"featured_media":9324,"comment_status":"open","ping_status":"open","sticky":false,"template":"","format":"standard","meta":{"footnotes":""},"categories":[5],"tags":[],"class_list":["post-9323","post","type-post","status-publish","format-standard","has-post-thumbnail","hentry","category-noticias"],"aioseo_notices":[],"acf":[],"_links":{"self":[{"href":"https:\/\/jlegal.pt\/en\/wp-json\/wp\/v2\/posts\/9323","targetHints":{"allow":["GET"]}}],"collection":[{"href":"https:\/\/jlegal.pt\/en\/wp-json\/wp\/v2\/posts"}],"about":[{"href":"https:\/\/jlegal.pt\/en\/wp-json\/wp\/v2\/types\/post"}],"author":[{"embeddable":true,"href":"https:\/\/jlegal.pt\/en\/wp-json\/wp\/v2\/users\/1"}],"replies":[{"embeddable":true,"href":"https:\/\/jlegal.pt\/en\/wp-json\/wp\/v2\/comments?post=9323"}],"version-history":[{"count":6,"href":"https:\/\/jlegal.pt\/en\/wp-json\/wp\/v2\/posts\/9323\/revisions"}],"predecessor-version":[{"id":9330,"href":"https:\/\/jlegal.pt\/en\/wp-json\/wp\/v2\/posts\/9323\/revisions\/9330"}],"wp:featuredmedia":[{"embeddable":true,"href":"https:\/\/jlegal.pt\/en\/wp-json\/wp\/v2\/media\/9324"}],"wp:attachment":[{"href":"https:\/\/jlegal.pt\/en\/wp-json\/wp\/v2\/media?parent=9323"}],"wp:term":[{"taxonomy":"category","embeddable":true,"href":"https:\/\/jlegal.pt\/en\/wp-json\/wp\/v2\/categories?post=9323"},{"taxonomy":"post_tag","embeddable":true,"href":"https:\/\/jlegal.pt\/en\/wp-json\/wp\/v2\/tags?post=9323"}],"curies":[{"name":"wp","href":"https:\/\/api.w.org\/{rel}","templated":true}]}}