{"id":9358,"date":"2024-07-16T05:57:56","date_gmt":"2024-07-16T09:57:56","guid":{"rendered":"https:\/\/jlegal.pt\/?p=9358"},"modified":"2024-07-16T05:57:56","modified_gmt":"2024-07-16T09:57:56","slug":"flash-alert-as-alteracoes-ao-programa-porta-65-jovem-a-extensao-do-regime-de-apoios-extraordinarios-as-rendas-e-prestacoes-de-contratos-de-credito-e-a-revogacao-do-regime-do-arre","status":"publish","type":"post","link":"https:\/\/jlegal.pt\/en\/flash-alert-as-alteracoes-ao-programa-porta-65-jovem-a-extensao-do-regime-de-apoios-extraordinarios-as-rendas-e-prestacoes-de-contratos-de-credito-e-a-revogacao-do-regime-do-arre\/","title":{"rendered":"FLASH ALERT &#8211; As altera\u00e7\u00f5es ao Programa \u201cPorta 65 &#8211; Jovem\u201d, a extens\u00e3o do regime de apoios extraordin\u00e1rios \u00e0s rendas e presta\u00e7\u00f5es de contratos de cr\u00e9dito, e a revoga\u00e7\u00e3o do regime do arrendamento for\u00e7ado \u00e0s habita\u00e7\u00f5es devolutas"},"content":{"rendered":"<p><a role=\"button\" href=\"https:\/\/jlegal.pt\/en\/news\/\"><br \/>\nGo back<br \/>\n<\/a><\/p>\n<h1><em>FLASH ALERT<\/em> &#8211; As altera\u00e7\u00f5es ao Programa \u201cPorta 65 &#8211; Jovem\u201d, a extens\u00e3o do regime de apoios extraordin\u00e1rios \u00e0s rendas e presta\u00e7\u00f5es de contratos de cr\u00e9dito, e a revoga\u00e7\u00e3o do regime do arrendamento for\u00e7ado \u00e0s habita\u00e7\u00f5es devolutas.<\/h1>\n<h2>16 de julho de 2024<\/h2>\n<p>A nossa equipa de <em>Real Estate &amp; Planning<\/em>, liderada pela s\u00f3cia Filipa Arantes Pedroso e com a colabora\u00e7\u00e3o de Constan\u00e7a Pinto Teixeira, preparou um <strong><em>flash alert<\/em><\/strong> sobre as altera\u00e7\u00f5es ao Programa \u201cPorta 65 &#8211; Jovem\u201d, a extens\u00e3o do regime de apoios extraordin\u00e1rios \u00e0s rendas e presta\u00e7\u00f5es de contratos de cr\u00e9dito, e a revoga\u00e7\u00e3o do regime do arrendamento for\u00e7ado \u00e0s habita\u00e7\u00f5es devolutas.<\/p>\n<p><a href=\"https:\/\/jlegal.pt\/wp-content\/uploads\/2024\/07\/Flash-Alert_-DLs-42-e-43_2024-02-de-julho141112.1.pdf\">Saiba tudo aqui.<\/a><\/p>","protected":false},"excerpt":{"rendered":"<p>FLASH ALERT &#8211; Autoriza\u00e7\u00e3o legislativa para o Governo legislar sobre altera\u00e7\u00e3o e simplifica\u00e7\u00e3o dos licenciamentos<\/p>","protected":false},"author":1,"featured_media":9359,"comment_status":"open","ping_status":"open","sticky":false,"template":"","format":"standard","meta":{"footnotes":""},"categories":[6],"tags":[],"class_list":["post-9358","post","type-post","status-publish","format-standard","has-post-thumbnail","hentry","category-publicacoes"],"aioseo_notices":[],"acf":[],"_links":{"self":[{"href":"https:\/\/jlegal.pt\/en\/wp-json\/wp\/v2\/posts\/9358","targetHints":{"allow":["GET"]}}],"collection":[{"href":"https:\/\/jlegal.pt\/en\/wp-json\/wp\/v2\/posts"}],"about":[{"href":"https:\/\/jlegal.pt\/en\/wp-json\/wp\/v2\/types\/post"}],"author":[{"embeddable":true,"href":"https:\/\/jlegal.pt\/en\/wp-json\/wp\/v2\/users\/1"}],"replies":[{"embeddable":true,"href":"https:\/\/jlegal.pt\/en\/wp-json\/wp\/v2\/comments?post=9358"}],"version-history":[{"count":2,"href":"https:\/\/jlegal.pt\/en\/wp-json\/wp\/v2\/posts\/9358\/revisions"}],"predecessor-version":[{"id":9362,"href":"https:\/\/jlegal.pt\/en\/wp-json\/wp\/v2\/posts\/9358\/revisions\/9362"}],"wp:featuredmedia":[{"embeddable":true,"href":"https:\/\/jlegal.pt\/en\/wp-json\/wp\/v2\/media\/9359"}],"wp:attachment":[{"href":"https:\/\/jlegal.pt\/en\/wp-json\/wp\/v2\/media?parent=9358"}],"wp:term":[{"taxonomy":"category","embeddable":true,"href":"https:\/\/jlegal.pt\/en\/wp-json\/wp\/v2\/categories?post=9358"},{"taxonomy":"post_tag","embeddable":true,"href":"https:\/\/jlegal.pt\/en\/wp-json\/wp\/v2\/tags?post=9358"}],"curies":[{"name":"wp","href":"https:\/\/api.w.org\/{rel}","templated":true}]}}