{"id":9382,"date":"2024-08-21T10:10:08","date_gmt":"2024-08-21T14:10:08","guid":{"rendered":"https:\/\/jlegal.pt\/?p=9382"},"modified":"2024-08-21T10:23:41","modified_gmt":"2024-08-21T14:23:41","slug":"equipa-de-tax-e-private-clientes-da-jlegal-reconhecida-pelo-diretorio-internacional-itr-world-tax","status":"publish","type":"post","link":"https:\/\/jlegal.pt\/en\/equipa-de-tax-e-private-clientes-da-jlegal-reconhecida-pelo-diretorio-internacional-itr-world-tax\/","title":{"rendered":"Equipa de Tax e Private Clientes da J+Legal reconhecida pelo diret\u00f3rio internacional ITR World Tax"},"content":{"rendered":"<p><a role=\"button\" href=\"https:\/\/jlegal.pt\/en\/news\/\">Go back<br \/>\n<\/a><\/p>\n<h1 class=\"elementor-heading-title elementor-size-default\">Equipa de Tax e Private Clientes da J+Legal reconhecida pelo diret\u00f3rio internacional ITR World Tax<\/h1>\n<h2>21 de agosto 2024<\/h2>\n<p>A J+Legal tem o orgulho de anunciar que este ano volt\u00e1mos a ser reconhecidos pelo ITR WORLD TAX 2025, com uma subida significativa em v\u00e1rias categorias face ao ano passado:<br \/>\n\u2022 <strong>Private Clients\u00a0<\/strong><br \/>\n\u2022 <strong>Tax Controversy\u00a0<\/strong><br \/>\n\u2022 <strong>Indirect Tax\u00a0<\/strong><br \/>\n\u2022 <strong>Transactional Tax\u00a0<\/strong><br \/>\n\u2022 <strong>General Corporate Tax\u00a0<\/strong><\/p>\n<p>Agradecemos profundamente ao ITR, bem como aos nossos Clientes e Colegas, por este reconhecimento e pela confian\u00e7a cont\u00ednua. O nosso compromisso com a excel\u00eancia e a qualidade dos nossos servi\u00e7os mant\u00e9m-se no topo das nossas prioridades.<\/p>\n<p>Saiba mais em: <a href=\"https:\/\/www.itrworldtax.com\/Jurisdiction\/Portugal\/Rankings\/72#rankings\">Portugal &#8211; Jurisdiction Rankings | ITR World Tax<\/a><\/p>\n<p>ENG:<\/p>\n<p>J+Legal is pleased to announce that this year we have once again been recognized by ITR WORLD TAX 2025, with significant improvements in several categories face to last year:<\/p>\n<ul>\n<li><strong>Private Clients <\/strong><\/li>\n<li><strong>Tax Controversy <\/strong><\/li>\n<li><strong>Indirect Tax <\/strong><\/li>\n<li><strong>Transactional Tax <\/strong><\/li>\n<li><strong>General Corporate Tax\u00a0<\/strong><\/li>\n<\/ul>\n<p>We extend our deepest gratitude to ITR, as well as to our Clients and Colleagues, for this recognition and for their continued trust. Our commitment to excellence and the quality of our services remains at the top of our priorities.<\/p>\n<p>Find out more at: <a href=\"https:\/\/www.itrworldtax.com\/Jurisdiction\/Portugal\/Rankings\/72#rankings\">Portugal &#8211; Jurisdiction Rankings | ITR World Tax<\/a><\/p>\n<p>&nbsp;<\/p>","protected":false},"excerpt":{"rendered":"<p>Equipa de Tax e Private Clientes da J+Legal reconhecida pelo diret\u00f3rio internacional ITR World Tax<\/p>","protected":false},"author":1,"featured_media":9385,"comment_status":"open","ping_status":"open","sticky":false,"template":"","format":"standard","meta":{"footnotes":""},"categories":[5],"tags":[],"class_list":["post-9382","post","type-post","status-publish","format-standard","has-post-thumbnail","hentry","category-noticias"],"aioseo_notices":[],"acf":[],"_links":{"self":[{"href":"https:\/\/jlegal.pt\/en\/wp-json\/wp\/v2\/posts\/9382","targetHints":{"allow":["GET"]}}],"collection":[{"href":"https:\/\/jlegal.pt\/en\/wp-json\/wp\/v2\/posts"}],"about":[{"href":"https:\/\/jlegal.pt\/en\/wp-json\/wp\/v2\/types\/post"}],"author":[{"embeddable":true,"href":"https:\/\/jlegal.pt\/en\/wp-json\/wp\/v2\/users\/1"}],"replies":[{"embeddable":true,"href":"https:\/\/jlegal.pt\/en\/wp-json\/wp\/v2\/comments?post=9382"}],"version-history":[{"count":4,"href":"https:\/\/jlegal.pt\/en\/wp-json\/wp\/v2\/posts\/9382\/revisions"}],"predecessor-version":[{"id":9388,"href":"https:\/\/jlegal.pt\/en\/wp-json\/wp\/v2\/posts\/9382\/revisions\/9388"}],"wp:featuredmedia":[{"embeddable":true,"href":"https:\/\/jlegal.pt\/en\/wp-json\/wp\/v2\/media\/9385"}],"wp:attachment":[{"href":"https:\/\/jlegal.pt\/en\/wp-json\/wp\/v2\/media?parent=9382"}],"wp:term":[{"taxonomy":"category","embeddable":true,"href":"https:\/\/jlegal.pt\/en\/wp-json\/wp\/v2\/categories?post=9382"},{"taxonomy":"post_tag","embeddable":true,"href":"https:\/\/jlegal.pt\/en\/wp-json\/wp\/v2\/tags?post=9382"}],"curies":[{"name":"wp","href":"https:\/\/api.w.org\/{rel}","templated":true}]}}