{"id":9394,"date":"2024-08-29T07:01:11","date_gmt":"2024-08-29T11:01:11","guid":{"rendered":"https:\/\/jlegal.pt\/?p=9394"},"modified":"2024-08-29T07:25:42","modified_gmt":"2024-08-29T11:25:42","slug":"aime-carvalho-esteves-socio-fundador-da-jlegal-e-manuel-da-gama-quaresma-associado-senior-distinguidos-individualmente-pela-itr-international-tax-review-2025","status":"publish","type":"post","link":"https:\/\/jlegal.pt\/en\/aime-carvalho-esteves-socio-fundador-da-jlegal-e-manuel-da-gama-quaresma-associado-senior-distinguidos-individualmente-pela-itr-international-tax-review-2025\/","title":{"rendered":"Jaime Carvalho Esteves, s\u00f3cio fundador da J+Legal, e Manuel da Gama Quaresma, associado s\u00e9nior, distinguidos individualmente pela ITR (International Tax Review) 2025"},"content":{"rendered":"<p><a role=\"button\" href=\"https:\/\/jlegal.pt\/en\/news\/\">Go back<\/a><\/p>\n<h1><strong>Jaime Carvalho Esteves, s\u00f3cio fundador da J+Legal, e Manuel da Gama Quaresma, associado s\u00e9nior, distinguidos individualmente pela ITR World Tax 2025<\/strong><\/h1>\n<h2>29 de agosto 2024<\/h2>\n<p><strong>Em apenas tr\u00eas anos, a J+Legal v\u00ea a lideran\u00e7a da sua equipa de Direito Fiscal no top do ranking da ITR, um ranking de grande prest\u00edgio internacional nesta \u00e1rea.<\/strong><\/p>\n<p><strong>Jaime Carvalho Esteves<\/strong> \u00e9 um dos tr\u00eas advogados de Direito Fiscal distinguidos pela <em>ITR World Tax<\/em> <strong>que s\u00e3o considerados Highly Regarded em 3 das 5 categorias analisadas em TAX, <\/strong>mantendo a sua posi\u00e7\u00e3o de <em>Highly Regarded Lawyer<\/em>, entre 157 advogados em Portugal. No caso de Jaime Carvalho Esteves, s\u00e3o elas <em>#IndirectTax, #TaxControversy, #TransferPricing<\/em>. Esta \u00faltima, uma categoria ainda com poucos peritos em Portugal.<\/p>\n<p>&nbsp;<\/p>\n<p><strong>Manuel da Gama Quaresma, associado s\u00e9nior da sociedade, entra para Rising Star,<\/strong> entre 25 advogados, e em duas \u00e1reas que v\u00eam completar as sub\u00e1reas do Direito Fiscal &#8211; <em>#PrivateClients<\/em> e <em>#TransactionalTax<\/em><\/p>\n<p>&nbsp;<\/p>\n<p>Saber mais em: <a href=\"https:\/\/www.itrworldtax.com\/Jurisdiction\/Portugal\/Rankings\/72#lawyers\">Portugal &#8211; Jurisdiction Rankings | ITR World Tax<\/a><\/p>\n<p>In only three years, J+Legal&#8217;s Tax Law team has achieved top leadership in the ITR ranking, a highly prestigious international ranking in this field.<\/p>\n<p>&nbsp;<\/p>\n<p>Jaime Carvalho Esteves is one of three Tax Law lawyers distinguished by ITR World Tax and is considered Highly Regarded in 3 of the 5 categories analysed in TAX. He maintains his position as a Highly Regarded Lawyer, among 157 lawyers in Portugal. In the case of @Jaime Carvalho Esteves, this recognition is for <em>#IndirectTax, #TaxControversy, #TransferPricing<\/em>. The latter category still has few experts in Portugal.<\/p>\n<p>&nbsp;<\/p>\n<p>Manuel da Gama Quaresma, a senior associate of the firm, has been recognised as a Rising Star among 25 lawyers and in two areas that complete the sub-areas of Tax Law &#8211; <em>#PrivateClients and #TransactionalTax.<\/em><\/p>\n<p>&nbsp;<\/p>\n<p>Find more at: <a href=\"https:\/\/www.itrworldtax.com\/Jurisdiction\/Portugal\/Rankings\/72#lawyers\">Portugal &#8211; Jurisdiction Rankings | ITR World Tax<\/a><\/p>","protected":false},"excerpt":{"rendered":"<p>Jaime Carvalho Esteves, s\u00f3cio fundador, e @Manuel da Gama Quaresma, associado s\u00e9nior, distinguidos individualmente pela ITR World Tax 2025<\/p>","protected":false},"author":1,"featured_media":9395,"comment_status":"open","ping_status":"open","sticky":false,"template":"","format":"standard","meta":{"footnotes":""},"categories":[5],"tags":[],"class_list":["post-9394","post","type-post","status-publish","format-standard","has-post-thumbnail","hentry","category-noticias"],"aioseo_notices":[],"acf":[],"_links":{"self":[{"href":"https:\/\/jlegal.pt\/en\/wp-json\/wp\/v2\/posts\/9394","targetHints":{"allow":["GET"]}}],"collection":[{"href":"https:\/\/jlegal.pt\/en\/wp-json\/wp\/v2\/posts"}],"about":[{"href":"https:\/\/jlegal.pt\/en\/wp-json\/wp\/v2\/types\/post"}],"author":[{"embeddable":true,"href":"https:\/\/jlegal.pt\/en\/wp-json\/wp\/v2\/users\/1"}],"replies":[{"embeddable":true,"href":"https:\/\/jlegal.pt\/en\/wp-json\/wp\/v2\/comments?post=9394"}],"version-history":[{"count":2,"href":"https:\/\/jlegal.pt\/en\/wp-json\/wp\/v2\/posts\/9394\/revisions"}],"predecessor-version":[{"id":9397,"href":"https:\/\/jlegal.pt\/en\/wp-json\/wp\/v2\/posts\/9394\/revisions\/9397"}],"wp:featuredmedia":[{"embeddable":true,"href":"https:\/\/jlegal.pt\/en\/wp-json\/wp\/v2\/media\/9395"}],"wp:attachment":[{"href":"https:\/\/jlegal.pt\/en\/wp-json\/wp\/v2\/media?parent=9394"}],"wp:term":[{"taxonomy":"category","embeddable":true,"href":"https:\/\/jlegal.pt\/en\/wp-json\/wp\/v2\/categories?post=9394"},{"taxonomy":"post_tag","embeddable":true,"href":"https:\/\/jlegal.pt\/en\/wp-json\/wp\/v2\/tags?post=9394"}],"curies":[{"name":"wp","href":"https:\/\/api.w.org\/{rel}","templated":true}]}}