{"id":9417,"date":"2024-09-23T08:09:33","date_gmt":"2024-09-23T12:09:33","guid":{"rendered":"https:\/\/jlegal.pt\/?p=9417"},"modified":"2024-09-23T08:11:13","modified_gmt":"2024-09-23T12:11:13","slug":"jaime-carvalho-esteves-comentou-para-o-portugal-amanha-oe-2025","status":"publish","type":"post","link":"https:\/\/jlegal.pt\/en\/jaime-carvalho-esteves-comentou-para-o-portugal-amanha-oe-2025\/","title":{"rendered":"Jaime Carvalho Esteves comentou para o Portugal Amanh\u00e3 &#8211; OE 2025"},"content":{"rendered":"<p><a role=\"button\" href=\"https:\/\/jlegal.pt\/en\/news\/\">Go back<\/a><\/p>\n<h1>Jaime Carvalho Esteves comentou para o Portugal Amanh\u00e3 &#8211; OE 2025<\/h1>\n<h2>23 de Setembro 2024<\/h2>\n<p>O nosso fundador Jaime Carvalho Esteves em entrevista ao portugal amanh\u00e3 por ocasi\u00e3o do primeiro anivers\u00e1rio:<br \/>\nas nossas dificuldades (despesa p\u00fablica necess\u00e1ria para financiar servi\u00e7os p\u00fablicos inoperantes) e os riscos externos, tornam inadmiss\u00edvel n\u00e3o viabilizar o Or\u00e7amento para 2025<\/p>\n<p>Leia a entrevista completa aqui:<br \/>\n<a href=\"https:\/\/amanha.sapo.pt\/2024\/09\/12\/jaime-esteves-e-preciso-muita-cautela-em-2025-para-nao-sermos-apanhados-em-desequilibrio\/\">https:\/\/amanha.sapo.pt\/2024\/09\/12\/jaime-esteves-e-preciso-muita-cautela-em-2025-para-nao-sermos-apanhados-em-desequilibrio\/<\/a><\/p>\n<p>&nbsp;<\/p>\n<p>&nbsp;<\/p>\n<p>&nbsp;<\/p>\n<p>&nbsp;<\/p>","protected":false},"excerpt":{"rendered":"<p>Go back Jaime Carvalho Esteves comentou para o Portugal Amanh\u00e3 &#8211; OE 2025 23 de [&hellip;]<\/p>\n","protected":false},"author":1,"featured_media":9418,"comment_status":"open","ping_status":"open","sticky":false,"template":"","format":"standard","meta":{"footnotes":""},"categories":[5],"tags":[],"class_list":["post-9417","post","type-post","status-publish","format-standard","has-post-thumbnail","hentry","category-noticias"],"aioseo_notices":[],"acf":[],"_links":{"self":[{"href":"https:\/\/jlegal.pt\/en\/wp-json\/wp\/v2\/posts\/9417","targetHints":{"allow":["GET"]}}],"collection":[{"href":"https:\/\/jlegal.pt\/en\/wp-json\/wp\/v2\/posts"}],"about":[{"href":"https:\/\/jlegal.pt\/en\/wp-json\/wp\/v2\/types\/post"}],"author":[{"embeddable":true,"href":"https:\/\/jlegal.pt\/en\/wp-json\/wp\/v2\/users\/1"}],"replies":[{"embeddable":true,"href":"https:\/\/jlegal.pt\/en\/wp-json\/wp\/v2\/comments?post=9417"}],"version-history":[{"count":1,"href":"https:\/\/jlegal.pt\/en\/wp-json\/wp\/v2\/posts\/9417\/revisions"}],"predecessor-version":[{"id":9419,"href":"https:\/\/jlegal.pt\/en\/wp-json\/wp\/v2\/posts\/9417\/revisions\/9419"}],"wp:featuredmedia":[{"embeddable":true,"href":"https:\/\/jlegal.pt\/en\/wp-json\/wp\/v2\/media\/9418"}],"wp:attachment":[{"href":"https:\/\/jlegal.pt\/en\/wp-json\/wp\/v2\/media?parent=9417"}],"wp:term":[{"taxonomy":"category","embeddable":true,"href":"https:\/\/jlegal.pt\/en\/wp-json\/wp\/v2\/categories?post=9417"},{"taxonomy":"post_tag","embeddable":true,"href":"https:\/\/jlegal.pt\/en\/wp-json\/wp\/v2\/tags?post=9417"}],"curies":[{"name":"wp","href":"https:\/\/api.w.org\/{rel}","templated":true}]}}