{"id":9421,"date":"2024-10-03T07:56:17","date_gmt":"2024-10-03T11:56:17","guid":{"rendered":"https:\/\/jlegal.pt\/?p=9421"},"modified":"2024-10-03T07:56:17","modified_gmt":"2024-10-03T11:56:17","slug":"jlegal-assessora-aquisicao-da-portuguesa-decskill","status":"publish","type":"post","link":"https:\/\/jlegal.pt\/en\/jlegal-assessora-aquisicao-da-portuguesa-decskill\/","title":{"rendered":"J+Legal assessora aquisi\u00e7\u00e3o da portuguesa Decskill"},"content":{"rendered":"<p>A J+Legal assessorou os fundadores da DECSKILL, Lu\u00eds Fernandes e Lu\u00eds Santos, na aliena\u00e7\u00e3o de uma participa\u00e7\u00e3o de controlo ao Grupo Astek, multinacional de consultoria de engenharia e tecnologia. O valor da transa\u00e7\u00e3o, confidencial, marca um passo importante no crescimento da DECSKILL, uma das principais empresas portuguesas de outsourcing de TI.<\/p>\n<p>A J+Legal prestou assessoria jur\u00eddica integral, desde a identifica\u00e7\u00e3o de investidores at\u00e9 \u00e0 execu\u00e7\u00e3o dos contratos, abrangendo a estrutura\u00e7\u00e3o da venda e a negocia\u00e7\u00e3o dos contratos de compra e venda e do acordo parassocial.<\/p>\n<p>Os fundadores mant\u00eam-se na lideran\u00e7a da DECSKILL, refor\u00e7ando a parceria com o Grupo Astek para impulsionar a expans\u00e3o internacional da empresa.<\/p>\n<p>A assessoria aos vendedores contou com uma equipa multidisciplinar. Na vertente fiscal, o processo foi coordenado por Jaime Carvalho Esteves, s\u00f3cio coordenador da \u00e1rea fiscal, com o apoio do Manuel da Gama Quaresma (associado s\u00e9nior). Na vertente de direito societ\u00e1rio e M&amp;A, a equipa foi liderada por Jos\u00e9 Diogo Horta Os\u00f3rio (s\u00f3cio) e por Rui Bello da Silva (associado s\u00e9nior), com o apoio dos associados Carolina Serrano Correia e Jos\u00e9 Afonso Caiado.<\/p>\n<p>A transa\u00e7\u00e3o foi conclu\u00edda no in\u00edcio do segundo semestre de 2024, demonstrando a capacidade da J+Legal em opera\u00e7\u00f5es complexas, especialmente no setor tecnol\u00f3gico.<\/p>","protected":false},"excerpt":{"rendered":"<p>A J+Legal assessorou os fundadores da DECSKILL, Lu\u00eds Fernandes e Lu\u00eds Santos, na aliena\u00e7\u00e3o de [&hellip;]<\/p>\n","protected":false},"author":1,"featured_media":9424,"comment_status":"open","ping_status":"open","sticky":false,"template":"","format":"standard","meta":{"footnotes":""},"categories":[1],"tags":[],"class_list":["post-9421","post","type-post","status-publish","format-standard","has-post-thumbnail","hentry","category-uncategorized"],"aioseo_notices":[],"acf":[],"_links":{"self":[{"href":"https:\/\/jlegal.pt\/en\/wp-json\/wp\/v2\/posts\/9421","targetHints":{"allow":["GET"]}}],"collection":[{"href":"https:\/\/jlegal.pt\/en\/wp-json\/wp\/v2\/posts"}],"about":[{"href":"https:\/\/jlegal.pt\/en\/wp-json\/wp\/v2\/types\/post"}],"author":[{"embeddable":true,"href":"https:\/\/jlegal.pt\/en\/wp-json\/wp\/v2\/users\/1"}],"replies":[{"embeddable":true,"href":"https:\/\/jlegal.pt\/en\/wp-json\/wp\/v2\/comments?post=9421"}],"version-history":[{"count":1,"href":"https:\/\/jlegal.pt\/en\/wp-json\/wp\/v2\/posts\/9421\/revisions"}],"predecessor-version":[{"id":9423,"href":"https:\/\/jlegal.pt\/en\/wp-json\/wp\/v2\/posts\/9421\/revisions\/9423"}],"wp:featuredmedia":[{"embeddable":true,"href":"https:\/\/jlegal.pt\/en\/wp-json\/wp\/v2\/media\/9424"}],"wp:attachment":[{"href":"https:\/\/jlegal.pt\/en\/wp-json\/wp\/v2\/media?parent=9421"}],"wp:term":[{"taxonomy":"category","embeddable":true,"href":"https:\/\/jlegal.pt\/en\/wp-json\/wp\/v2\/categories?post=9421"},{"taxonomy":"post_tag","embeddable":true,"href":"https:\/\/jlegal.pt\/en\/wp-json\/wp\/v2\/tags?post=9421"}],"curies":[{"name":"wp","href":"https:\/\/api.w.org\/{rel}","templated":true}]}}