{"id":9432,"date":"2024-10-28T13:15:30","date_gmt":"2024-10-28T17:15:30","guid":{"rendered":"https:\/\/jlegal.pt\/?p=9432"},"modified":"2024-10-29T12:44:22","modified_gmt":"2024-10-29T16:44:22","slug":"jlegal-na-conference-miami-global-citizen-week","status":"publish","type":"post","link":"https:\/\/jlegal.pt\/en\/jlegal-na-conference-miami-global-citizen-week\/","title":{"rendered":"J+Legal na Miami Global Citizen Week"},"content":{"rendered":"<p>A J+Legal vai participar, entre os dias 30 de Outubro a 02 de Novembro na Miami Global Citizen Week, confer\u00eancia organizada pela Outbound Investments.<\/p>\n<p>Trata-se de uma confer\u00eancia global, de identifica\u00e7\u00e3o de oportunidades de investimento e vamos ter a ocasi\u00e3o de nos cruzarmos com diversos investidores prontos a investir em Portugal.<\/p>\n<p>A J+Legal ser\u00e1 representada pelo nosso associado s\u00e9nior, Louren\u00e7o C\u00f4rte-Real, que coordena o projecto e conta com a colabora\u00e7\u00e3o da associada Maria Nunes da Fonseca do departamento de Fiscal e <em>Private Clients<\/em>.<\/p>\n<p>Poder\u00e1 ver a nossa brochura de apresenta\u00e7\u00e3o aqui: <a title=\"Miami Global Citizen Week\" href=\"https:\/\/drive.google.com\/file\/d\/1QUfjSATP8vpG1WX7oSWIr__Aev4Xlc3R\/view?usp=drive_link\">Miami Global Citizen Week<\/a><\/p>\n<p>&nbsp;<\/p>\n<p>J+Legal is going to participate on the Miami Global Citizen Week, summit that is organized by Outbound Investments.<\/p>\n<p>This is a global conference, that will allow to identify several investment opportunities and we will have the chance to meet with several investors, willing to invest in Portugal.<\/p>\n<p>J+Legal will be represented by our senior associate Louren\u00e7o C\u00f4rte-Real, who coordinates this project, with the collaboration of Maria Nunes da Fonseca, of our department of Tax and <em>Private Clients<\/em>.<\/p>\n<p>Please find our booklet presentation here:<a title=\"Miami Global Citizen Week\" href=\"https:\/\/drive.google.com\/file\/d\/1QUfjSATP8vpG1WX7oSWIr__Aev4Xlc3R\/view?usp=drive_link\">Miami Global Citizen Week<\/a><\/p>","protected":false},"excerpt":{"rendered":"<p>A J+Legal vai participar, entre os dias 30 de Outubro a 02 de Novembro na [&hellip;]<\/p>\n","protected":false},"author":1,"featured_media":9433,"comment_status":"open","ping_status":"open","sticky":false,"template":"","format":"standard","meta":{"footnotes":""},"categories":[5],"tags":[],"class_list":["post-9432","post","type-post","status-publish","format-standard","has-post-thumbnail","hentry","category-noticias"],"aioseo_notices":[],"acf":[],"_links":{"self":[{"href":"https:\/\/jlegal.pt\/en\/wp-json\/wp\/v2\/posts\/9432","targetHints":{"allow":["GET"]}}],"collection":[{"href":"https:\/\/jlegal.pt\/en\/wp-json\/wp\/v2\/posts"}],"about":[{"href":"https:\/\/jlegal.pt\/en\/wp-json\/wp\/v2\/types\/post"}],"author":[{"embeddable":true,"href":"https:\/\/jlegal.pt\/en\/wp-json\/wp\/v2\/users\/1"}],"replies":[{"embeddable":true,"href":"https:\/\/jlegal.pt\/en\/wp-json\/wp\/v2\/comments?post=9432"}],"version-history":[{"count":9,"href":"https:\/\/jlegal.pt\/en\/wp-json\/wp\/v2\/posts\/9432\/revisions"}],"predecessor-version":[{"id":9443,"href":"https:\/\/jlegal.pt\/en\/wp-json\/wp\/v2\/posts\/9432\/revisions\/9443"}],"wp:featuredmedia":[{"embeddable":true,"href":"https:\/\/jlegal.pt\/en\/wp-json\/wp\/v2\/media\/9433"}],"wp:attachment":[{"href":"https:\/\/jlegal.pt\/en\/wp-json\/wp\/v2\/media?parent=9432"}],"wp:term":[{"taxonomy":"category","embeddable":true,"href":"https:\/\/jlegal.pt\/en\/wp-json\/wp\/v2\/categories?post=9432"},{"taxonomy":"post_tag","embeddable":true,"href":"https:\/\/jlegal.pt\/en\/wp-json\/wp\/v2\/tags?post=9432"}],"curies":[{"name":"wp","href":"https:\/\/api.w.org\/{rel}","templated":true}]}}