{"id":9484,"date":"2024-12-12T11:47:56","date_gmt":"2024-12-12T16:47:56","guid":{"rendered":"https:\/\/jlegal.pt\/?p=9484"},"modified":"2024-12-12T11:55:04","modified_gmt":"2024-12-12T16:55:04","slug":"portugal-o-primeiro-a-aplicar-as-plataformas-a-diretiva-da-ue","status":"publish","type":"post","link":"https:\/\/jlegal.pt\/en\/portugal-o-primeiro-a-aplicar-as-plataformas-a-diretiva-da-ue\/","title":{"rendered":"Portugal, o primeiro a aplicar \u00e0s plataformas a diretiva da UE"},"content":{"rendered":"<p>Sofia Matos, S\u00f3cia do departamento de Contencioso, Laboral e Propriedade Intelectual e Constan\u00e7a Calado Alves, Advogada-Estagi\u00e1ria, comentaram para o jornal ECO. <\/p>\n<p>As advogadas deram o seu parecer relativamente \u00e0 aplica\u00e7\u00e3o da proposta da Diretiva Europeia sobre a melhoria das condi\u00e7\u00f5es de trabalho nas plataformas digitais que torna Portugal o primeiro Estado-Membro da UE a introduzir no seu ordenamento jur\u00eddico a figura da &#8220;Presun\u00e7\u00e3o de exist\u00eancia de contrato de trabalho no \u00e2mbito de plataforma digital&#8221;. Mencionaram ainda as resist\u00eancias a esta nova figura.<\/p>\n<p>Saiba tudo em:<a href=\"https:\/\/eco.sapo.pt\/opiniao\/portugal-o-primeiro-a-aplicar-as-plataformas-a-diretiva-da-ue\/\" title=\"Portugal, o primeiro a aplicar \u00e0s plataformas a diretiva da UE - ECO\" rel=\"noopener\" target=\"_blank\">https:\/\/eco.sapo.pt\/opiniao\/portugal-o-primeiro-a-aplicar-as-plataformas-a-diretiva-da-ue\/<\/a><\/p>","protected":false},"excerpt":{"rendered":"<p>Sofia Matos, S\u00f3cia do departamento de Contencioso, Laboral e Propriedade Intelectual e Constan\u00e7a Calado Alves, [&hellip;]<\/p>\n","protected":false},"author":1,"featured_media":9485,"comment_status":"open","ping_status":"open","sticky":false,"template":"","format":"standard","meta":{"footnotes":""},"categories":[5],"tags":[],"class_list":["post-9484","post","type-post","status-publish","format-standard","has-post-thumbnail","hentry","category-noticias"],"aioseo_notices":[],"acf":[],"_links":{"self":[{"href":"https:\/\/jlegal.pt\/en\/wp-json\/wp\/v2\/posts\/9484","targetHints":{"allow":["GET"]}}],"collection":[{"href":"https:\/\/jlegal.pt\/en\/wp-json\/wp\/v2\/posts"}],"about":[{"href":"https:\/\/jlegal.pt\/en\/wp-json\/wp\/v2\/types\/post"}],"author":[{"embeddable":true,"href":"https:\/\/jlegal.pt\/en\/wp-json\/wp\/v2\/users\/1"}],"replies":[{"embeddable":true,"href":"https:\/\/jlegal.pt\/en\/wp-json\/wp\/v2\/comments?post=9484"}],"version-history":[{"count":7,"href":"https:\/\/jlegal.pt\/en\/wp-json\/wp\/v2\/posts\/9484\/revisions"}],"predecessor-version":[{"id":9492,"href":"https:\/\/jlegal.pt\/en\/wp-json\/wp\/v2\/posts\/9484\/revisions\/9492"}],"wp:featuredmedia":[{"embeddable":true,"href":"https:\/\/jlegal.pt\/en\/wp-json\/wp\/v2\/media\/9485"}],"wp:attachment":[{"href":"https:\/\/jlegal.pt\/en\/wp-json\/wp\/v2\/media?parent=9484"}],"wp:term":[{"taxonomy":"category","embeddable":true,"href":"https:\/\/jlegal.pt\/en\/wp-json\/wp\/v2\/categories?post=9484"},{"taxonomy":"post_tag","embeddable":true,"href":"https:\/\/jlegal.pt\/en\/wp-json\/wp\/v2\/tags?post=9484"}],"curies":[{"name":"wp","href":"https:\/\/api.w.org\/{rel}","templated":true}]}}