{"id":9528,"date":"2025-01-03T07:20:58","date_gmt":"2025-01-03T12:20:58","guid":{"rendered":"https:\/\/jlegal.pt\/?p=9528"},"modified":"2025-01-03T07:20:58","modified_gmt":"2025-01-03T12:20:58","slug":"e-tempo-de-darmos-as-boas-vindas-a-2025","status":"publish","type":"post","link":"https:\/\/jlegal.pt\/en\/e-tempo-de-darmos-as-boas-vindas-a-2025\/","title":{"rendered":"\u00c9 tempo de darmos as boas-vindas a 2025"},"content":{"rendered":"<p>Encerrado o ano, acabadas as festas, \u00e9 tempo de darmos as boas-vindas a 2025. <\/p>\n<p>\u00c9 hora de balan\u00e7o e, ao mesmo tempo, de prepara\u00e7\u00e3o do novo ano que se abre. \u00c9 tempo de agradecer a todos os Advogados e colaboradores, que fazem da J+Legal um lugar onde nos sentimos bem e onde gostamos de estar. \u00c9 tempo de agradecer a todos os nossos clientes, que nos encarregam da enorme responsabilidade de defendermos os seus interesses.<br \/>\nEste foi mais um ano importante para a J+Legal e para o nosso jovem caminho. Crescemos nos nossos recursos humanos, chegando ao final do ano com 25 Advogados. Crescemos nos nossos clientes, tendo alargado a base daqueles que em n\u00f3s confiam. Crescemos na tipologia de assuntos a que acedemos, tendo estado presentes em alguns dos mais interessantes e complexos processos que marcaram o ano. No meio das dificuldades e ang\u00fastias de um ano t\u00e3o dif\u00edcil para tantos, este foi, para n\u00f3s, um ano bom. E por isso estamos agradecidos. Em mar\u00e7o de 2025, daqui a tr\u00eas meses, faremos quatro anos deste caminho que nos enche de orgulho. O nosso desejo \u00e9 que este seja, para todos, um ano melhor. <\/p>\n<p>Bom ano!<\/p>","protected":false},"excerpt":{"rendered":"<p>Encerrado o ano, acabadas as festas, \u00e9 tempo de darmos as boas-vindas a 2025. \u00c9 [&hellip;]<\/p>\n","protected":false},"author":1,"featured_media":9531,"comment_status":"open","ping_status":"open","sticky":false,"template":"","format":"standard","meta":{"footnotes":""},"categories":[5],"tags":[],"class_list":["post-9528","post","type-post","status-publish","format-standard","has-post-thumbnail","hentry","category-noticias"],"aioseo_notices":[],"acf":[],"_links":{"self":[{"href":"https:\/\/jlegal.pt\/en\/wp-json\/wp\/v2\/posts\/9528","targetHints":{"allow":["GET"]}}],"collection":[{"href":"https:\/\/jlegal.pt\/en\/wp-json\/wp\/v2\/posts"}],"about":[{"href":"https:\/\/jlegal.pt\/en\/wp-json\/wp\/v2\/types\/post"}],"author":[{"embeddable":true,"href":"https:\/\/jlegal.pt\/en\/wp-json\/wp\/v2\/users\/1"}],"replies":[{"embeddable":true,"href":"https:\/\/jlegal.pt\/en\/wp-json\/wp\/v2\/comments?post=9528"}],"version-history":[{"count":2,"href":"https:\/\/jlegal.pt\/en\/wp-json\/wp\/v2\/posts\/9528\/revisions"}],"predecessor-version":[{"id":9532,"href":"https:\/\/jlegal.pt\/en\/wp-json\/wp\/v2\/posts\/9528\/revisions\/9532"}],"wp:featuredmedia":[{"embeddable":true,"href":"https:\/\/jlegal.pt\/en\/wp-json\/wp\/v2\/media\/9531"}],"wp:attachment":[{"href":"https:\/\/jlegal.pt\/en\/wp-json\/wp\/v2\/media?parent=9528"}],"wp:term":[{"taxonomy":"category","embeddable":true,"href":"https:\/\/jlegal.pt\/en\/wp-json\/wp\/v2\/categories?post=9528"},{"taxonomy":"post_tag","embeddable":true,"href":"https:\/\/jlegal.pt\/en\/wp-json\/wp\/v2\/tags?post=9528"}],"curies":[{"name":"wp","href":"https:\/\/api.w.org\/{rel}","templated":true}]}}