{"id":9533,"date":"2025-01-07T08:03:01","date_gmt":"2025-01-07T13:03:01","guid":{"rendered":"https:\/\/jlegal.pt\/?p=9533"},"modified":"2025-01-07T08:03:01","modified_gmt":"2025-01-07T13:03:01","slug":"nuno-de-mendia-e-pedro-cacador-faria-comentam-para-o-diario-imobiliario","status":"publish","type":"post","link":"https:\/\/jlegal.pt\/en\/nuno-de-mendia-e-pedro-cacador-faria-comentam-para-o-diario-imobiliario\/","title":{"rendered":"Nuno de Mendia e Pedro Ca\u00e7ador Faria comentam para o Di\u00e1rio Imobili\u00e1rio"},"content":{"rendered":"<p>Nuno de Mendia e Pedro Ca\u00e7ador Faria, Associado-S\u00e9nior e Associado do departamento de Real Estate &#038; Planning da J+Legal, respetivamente, d\u00e3o o seu contributo em artigo de opini\u00e3o, no Di\u00e1rio Imobili\u00e1rio, quanto \u00e0 necessidade de comunica\u00e7\u00e3o pr\u00e9via para jun\u00e7\u00e3o de fra\u00e7\u00f5es aut\u00f3nomas e altera\u00e7\u00e3o da correspondente utiliza\u00e7\u00e3o, no \u00e2mbito do SIMPLEX Urban\u00edstico. <\/p>\n<p>Leia o artigo completo em: <a href=\"https:\/\/www.diarioimobiliario.pt\/Necessidade-de-Comunicacao-Previa-para-i-Juncao-de-Fracoes-Autonomas-e-ii-Alteracao-da-Utilizacao-Consideracoes-Finais\" title=\"https:\/\/www.diarioimobiliario.pt\/Necessidade-de-Comunicacao-Previa-para-i-Juncao-de-Fracoes-Autonomas-e-ii-Alteracao-da-Utilizacao-Consideracoes-Finais\" rel=\"noopener nofollow sponsored ugc\" target=\"_blank\">https:\/\/www.diarioimobiliario.pt\/Necessidade-de-Comunicacao-Previa-para-i-Juncao-de-Fracoes-Autonomas-e-ii-Alteracao-da-Utilizacao-Consideracoes-Finais<\/a><\/p>","protected":false},"excerpt":{"rendered":"<p>Nuno de Mendia e Pedro Ca\u00e7ador Faria, Associado-S\u00e9nior e Associado do departamento de Real Estate [&hellip;]<\/p>\n","protected":false},"author":1,"featured_media":9535,"comment_status":"open","ping_status":"open","sticky":false,"template":"","format":"standard","meta":{"footnotes":""},"categories":[5],"tags":[],"class_list":["post-9533","post","type-post","status-publish","format-standard","has-post-thumbnail","hentry","category-noticias"],"aioseo_notices":[],"acf":[],"_links":{"self":[{"href":"https:\/\/jlegal.pt\/en\/wp-json\/wp\/v2\/posts\/9533","targetHints":{"allow":["GET"]}}],"collection":[{"href":"https:\/\/jlegal.pt\/en\/wp-json\/wp\/v2\/posts"}],"about":[{"href":"https:\/\/jlegal.pt\/en\/wp-json\/wp\/v2\/types\/post"}],"author":[{"embeddable":true,"href":"https:\/\/jlegal.pt\/en\/wp-json\/wp\/v2\/users\/1"}],"replies":[{"embeddable":true,"href":"https:\/\/jlegal.pt\/en\/wp-json\/wp\/v2\/comments?post=9533"}],"version-history":[{"count":3,"href":"https:\/\/jlegal.pt\/en\/wp-json\/wp\/v2\/posts\/9533\/revisions"}],"predecessor-version":[{"id":9537,"href":"https:\/\/jlegal.pt\/en\/wp-json\/wp\/v2\/posts\/9533\/revisions\/9537"}],"wp:featuredmedia":[{"embeddable":true,"href":"https:\/\/jlegal.pt\/en\/wp-json\/wp\/v2\/media\/9535"}],"wp:attachment":[{"href":"https:\/\/jlegal.pt\/en\/wp-json\/wp\/v2\/media?parent=9533"}],"wp:term":[{"taxonomy":"category","embeddable":true,"href":"https:\/\/jlegal.pt\/en\/wp-json\/wp\/v2\/categories?post=9533"},{"taxonomy":"post_tag","embeddable":true,"href":"https:\/\/jlegal.pt\/en\/wp-json\/wp\/v2\/tags?post=9533"}],"curies":[{"name":"wp","href":"https:\/\/api.w.org\/{rel}","templated":true}]}}