{"id":9560,"date":"2025-02-12T10:51:16","date_gmt":"2025-02-12T15:51:16","guid":{"rendered":"https:\/\/jlegal.pt\/?p=9560"},"modified":"2025-02-12T10:51:16","modified_gmt":"2025-02-12T15:51:16","slug":"fui-despedido-por-telefone-ou-email-e-agora","status":"publish","type":"post","link":"https:\/\/jlegal.pt\/en\/fui-despedido-por-telefone-ou-email-e-agora\/","title":{"rendered":"Fui despedido por telefone ou email. E agora?"},"content":{"rendered":"<p>Sofia Matos, S\u00f3cia do departamento de Contencioso, Laboral e Propriedade Intelectual da J+Legal, comentou para a revista S\u00e1bado os recentes casos, divulgados pela imprensa, de despedimentos realizados via telefone por um partido pol\u00edtico e por uma Unidade Local de Sa\u00fade (ULS).<\/p>\n<p>Sofia Matos faz notar que \u00e9 &#8220;perfeitamente poss\u00edvel fazer a comunica\u00e7\u00e3o da demiss\u00e3o de um gestor p\u00fablico atrav\u00e9s de e-mail&#8221;, sendo que &#8220;a lei n\u00e3o obriga a outros requisitos&#8221;. <\/p>\n<p>Com vasta experi\u00eancia em laboral, contencioso, reestrutura\u00e7\u00e3o e insolv\u00eancias, Sofia Matos continua a ser uma refer\u00eancia no coment\u00e1rio de temas jur\u00eddicos complexos e da atualidade.<\/p>\n<p>Leia o artigo completo aqui: <a href=\"https:\/\/www.sabado.pt\/portugal\/detalhe\/fui-despedido-por-telefone-ou-email-e-agora\" title=\"https:\/\/www.sabado.pt\/portugal\/detalhe\/fui-despedido-por-telefone-ou-email-e-agora\" rel=\"noopener nofollow sponsored ugc\" target=\"_blank\">https:\/\/www.sabado.pt\/portugal\/detalhe\/fui-despedido-por-telefone-ou-email-e-agora<\/a><\/p>","protected":false},"excerpt":{"rendered":"<p>Sofia Matos, S\u00f3cia do departamento de Contencioso, Laboral e Propriedade Intelectual da J+Legal, comentou para [&hellip;]<\/p>\n","protected":false},"author":1,"featured_media":9562,"comment_status":"open","ping_status":"open","sticky":false,"template":"","format":"standard","meta":{"footnotes":""},"categories":[5],"tags":[],"class_list":["post-9560","post","type-post","status-publish","format-standard","has-post-thumbnail","hentry","category-noticias"],"aioseo_notices":[],"acf":[],"_links":{"self":[{"href":"https:\/\/jlegal.pt\/en\/wp-json\/wp\/v2\/posts\/9560","targetHints":{"allow":["GET"]}}],"collection":[{"href":"https:\/\/jlegal.pt\/en\/wp-json\/wp\/v2\/posts"}],"about":[{"href":"https:\/\/jlegal.pt\/en\/wp-json\/wp\/v2\/types\/post"}],"author":[{"embeddable":true,"href":"https:\/\/jlegal.pt\/en\/wp-json\/wp\/v2\/users\/1"}],"replies":[{"embeddable":true,"href":"https:\/\/jlegal.pt\/en\/wp-json\/wp\/v2\/comments?post=9560"}],"version-history":[{"count":2,"href":"https:\/\/jlegal.pt\/en\/wp-json\/wp\/v2\/posts\/9560\/revisions"}],"predecessor-version":[{"id":9563,"href":"https:\/\/jlegal.pt\/en\/wp-json\/wp\/v2\/posts\/9560\/revisions\/9563"}],"wp:featuredmedia":[{"embeddable":true,"href":"https:\/\/jlegal.pt\/en\/wp-json\/wp\/v2\/media\/9562"}],"wp:attachment":[{"href":"https:\/\/jlegal.pt\/en\/wp-json\/wp\/v2\/media?parent=9560"}],"wp:term":[{"taxonomy":"category","embeddable":true,"href":"https:\/\/jlegal.pt\/en\/wp-json\/wp\/v2\/categories?post=9560"},{"taxonomy":"post_tag","embeddable":true,"href":"https:\/\/jlegal.pt\/en\/wp-json\/wp\/v2\/tags?post=9560"}],"curies":[{"name":"wp","href":"https:\/\/api.w.org\/{rel}","templated":true}]}}