{"id":9564,"date":"2025-02-13T07:46:59","date_gmt":"2025-02-13T12:46:59","guid":{"rendered":"https:\/\/jlegal.pt\/?p=9564"},"modified":"2025-02-20T13:26:36","modified_gmt":"2025-02-20T18:26:36","slug":"manuel-da-gama-quaresma-comentou-no-diario-da-manha-da-tvi-as-novas-tabelas-de-retencao-na-fonte","status":"publish","type":"post","link":"https:\/\/jlegal.pt\/en\/manuel-da-gama-quaresma-comentou-no-diario-da-manha-da-tvi-as-novas-tabelas-de-retencao-na-fonte\/","title":{"rendered":"Manuel da Gama Quaresma comentou, no Di\u00e1rio da Manh\u00e3 da TVI, as novas tabelas de reten\u00e7\u00e3o na fonte"},"content":{"rendered":"<p><div style=\"width: 384px;\" class=\"wp-video\"><video class=\"wp-video-shortcode\" id=\"video-9564-1\" width=\"384\" height=\"224\" preload=\"metadata\" controls=\"controls\"><source type=\"video\/mp4\" src=\"https:\/\/jlegal.pt\/wp-content\/uploads\/2025\/02\/VIDEOO.mp4?_=1\" \/><a href=\"https:\/\/jlegal.pt\/wp-content\/uploads\/2025\/02\/VIDEOO.mp4\">https:\/\/jlegal.pt\/wp-content\/uploads\/2025\/02\/VIDEOO.mp4<\/a><\/video><\/div><br \/>\nManuel da Gama Quaresma, Associado S\u00e9nior da \u00e1rea de <em>Tax and Private Clients<\/em> da J+Legal, marcou ontem presen\u00e7a no programa Di\u00e1rio da Manh\u00e3, na TVI, para comentar as novas tabelas de reten\u00e7\u00e3o na fonte.<\/p>","protected":false},"excerpt":{"rendered":"<p>Manuel da Gama Quaresma, Associado S\u00e9nior da \u00e1rea de Tax and Private Clients da J+Legal, [&hellip;]<\/p>\n","protected":false},"author":1,"featured_media":9572,"comment_status":"open","ping_status":"open","sticky":false,"template":"","format":"standard","meta":{"footnotes":""},"categories":[5],"tags":[],"class_list":["post-9564","post","type-post","status-publish","format-standard","has-post-thumbnail","hentry","category-noticias"],"aioseo_notices":[],"acf":[],"_links":{"self":[{"href":"https:\/\/jlegal.pt\/en\/wp-json\/wp\/v2\/posts\/9564","targetHints":{"allow":["GET"]}}],"collection":[{"href":"https:\/\/jlegal.pt\/en\/wp-json\/wp\/v2\/posts"}],"about":[{"href":"https:\/\/jlegal.pt\/en\/wp-json\/wp\/v2\/types\/post"}],"author":[{"embeddable":true,"href":"https:\/\/jlegal.pt\/en\/wp-json\/wp\/v2\/users\/1"}],"replies":[{"embeddable":true,"href":"https:\/\/jlegal.pt\/en\/wp-json\/wp\/v2\/comments?post=9564"}],"version-history":[{"count":8,"href":"https:\/\/jlegal.pt\/en\/wp-json\/wp\/v2\/posts\/9564\/revisions"}],"predecessor-version":[{"id":9581,"href":"https:\/\/jlegal.pt\/en\/wp-json\/wp\/v2\/posts\/9564\/revisions\/9581"}],"wp:featuredmedia":[{"embeddable":true,"href":"https:\/\/jlegal.pt\/en\/wp-json\/wp\/v2\/media\/9572"}],"wp:attachment":[{"href":"https:\/\/jlegal.pt\/en\/wp-json\/wp\/v2\/media?parent=9564"}],"wp:term":[{"taxonomy":"category","embeddable":true,"href":"https:\/\/jlegal.pt\/en\/wp-json\/wp\/v2\/categories?post=9564"},{"taxonomy":"post_tag","embeddable":true,"href":"https:\/\/jlegal.pt\/en\/wp-json\/wp\/v2\/tags?post=9564"}],"curies":[{"name":"wp","href":"https:\/\/api.w.org\/{rel}","templated":true}]}}