{"id":9586,"date":"2025-03-12T11:23:45","date_gmt":"2025-03-12T15:23:45","guid":{"rendered":"https:\/\/jlegal.pt\/?p=9586"},"modified":"2025-03-12T11:50:20","modified_gmt":"2025-03-12T15:50:20","slug":"manuel-da-gama-quaresma-na-nova-edicao-dos-cadernos-iva-2025","status":"publish","type":"post","link":"https:\/\/jlegal.pt\/en\/manuel-da-gama-quaresma-na-nova-edicao-dos-cadernos-iva-2025\/","title":{"rendered":"Manuel da Gama Quaresma na nova edi\u00e7\u00e3o dos Cadernos IVA 2025"},"content":{"rendered":"<p>Manuel da Gama Quaresma, Associado S\u00e9nior da \u00e1rea de Tax and Private Clients da J+Legal, contribuiu para a nova edi\u00e7\u00e3o dos Cadernos IVA 2025, com o artigo &#8220;A Recupera\u00e7\u00e3o do IVA Indevidamente Pago&#8221;. <\/p>\n<p>Dispon\u00edvel, em pr\u00e9-venda, em <a href=\"http:\/\/www.almedina.net\" title=\"www.almedina.net\" rel=\"noopener nofollow sponsored ugc\" target=\"_blank\">www.almedina.net <\/a><\/p>","protected":false},"excerpt":{"rendered":"<p>Manuel da Gama Quaresma, Associado S\u00e9nior da \u00e1rea de Tax and Private Clients da J+Legal, [&hellip;]<\/p>\n","protected":false},"author":1,"featured_media":9588,"comment_status":"open","ping_status":"open","sticky":false,"template":"","format":"standard","meta":{"footnotes":""},"categories":[5],"tags":[],"class_list":["post-9586","post","type-post","status-publish","format-standard","has-post-thumbnail","hentry","category-noticias"],"aioseo_notices":[],"acf":[],"_links":{"self":[{"href":"https:\/\/jlegal.pt\/en\/wp-json\/wp\/v2\/posts\/9586","targetHints":{"allow":["GET"]}}],"collection":[{"href":"https:\/\/jlegal.pt\/en\/wp-json\/wp\/v2\/posts"}],"about":[{"href":"https:\/\/jlegal.pt\/en\/wp-json\/wp\/v2\/types\/post"}],"author":[{"embeddable":true,"href":"https:\/\/jlegal.pt\/en\/wp-json\/wp\/v2\/users\/1"}],"replies":[{"embeddable":true,"href":"https:\/\/jlegal.pt\/en\/wp-json\/wp\/v2\/comments?post=9586"}],"version-history":[{"count":6,"href":"https:\/\/jlegal.pt\/en\/wp-json\/wp\/v2\/posts\/9586\/revisions"}],"predecessor-version":[{"id":9592,"href":"https:\/\/jlegal.pt\/en\/wp-json\/wp\/v2\/posts\/9586\/revisions\/9592"}],"wp:featuredmedia":[{"embeddable":true,"href":"https:\/\/jlegal.pt\/en\/wp-json\/wp\/v2\/media\/9588"}],"wp:attachment":[{"href":"https:\/\/jlegal.pt\/en\/wp-json\/wp\/v2\/media?parent=9586"}],"wp:term":[{"taxonomy":"category","embeddable":true,"href":"https:\/\/jlegal.pt\/en\/wp-json\/wp\/v2\/categories?post=9586"},{"taxonomy":"post_tag","embeddable":true,"href":"https:\/\/jlegal.pt\/en\/wp-json\/wp\/v2\/tags?post=9586"}],"curies":[{"name":"wp","href":"https:\/\/api.w.org\/{rel}","templated":true}]}}