{"id":9635,"date":"2025-05-26T11:46:50","date_gmt":"2025-05-26T15:46:50","guid":{"rendered":"https:\/\/jlegal.pt\/?p=9635"},"modified":"2025-05-26T11:46:50","modified_gmt":"2025-05-26T15:46:50","slug":"jaime-carvalho-esteves-comenta-para-a-cnn-portugal","status":"publish","type":"post","link":"https:\/\/jlegal.pt\/en\/jaime-carvalho-esteves-comenta-para-a-cnn-portugal\/","title":{"rendered":"Jaime Carvalho Esteves comenta para a CNN Portugal"},"content":{"rendered":"<p><span data-teams=\"true\">Jaime Carvalho Esteves, S\u00f3cio do Departamento de Tax &amp; Private Clients da J+Legal, partilhou a sua an\u00e1lise na CNN Portugal sobre o aumento da despesa fiscal em 2024, decorrente da crescente ades\u00e3o ao regime de residentes n\u00e3o habituais.<\/span><\/p>\n<p><span data-teams=\"true\">Leia o artigo completo em:\u00a0<a href=\"https:\/\/cnnportugal.iol.pt\/residentes-nao-habituais\/regime-fiscal\/corrida-ao-regime-de-residentes-nao-habituais-custou-valor-recorde-aos-cofres-do-estado-despesa-fiscal-aumentou-444-5-milhoes-de-euros-em-2024\/20250522\/682e1ed8d34e3f0bae9e7bab\">https:\/\/cnnportugal.iol.pt\/residentes-nao-habituais\/regime-fiscal\/corrida-ao-regime-de-residentes-nao-habituais-custou-valor-recorde-aos-cofres-do-estado-despesa-fiscal-aumentou-444-5-milhoes-de-euros-em-2024\/20250522\/682e1ed8d34e3f0bae9e7bab<\/a><\/span><\/p>","protected":false},"excerpt":{"rendered":"<p>Jaime Carvalho Esteves, S\u00f3cio do Departamento de Tax &amp; Private Clients da J+Legal, partilhou a [&hellip;]<\/p>\n","protected":false},"author":1,"featured_media":9636,"comment_status":"open","ping_status":"open","sticky":false,"template":"","format":"standard","meta":{"footnotes":""},"categories":[5],"tags":[],"class_list":["post-9635","post","type-post","status-publish","format-standard","has-post-thumbnail","hentry","category-noticias"],"aioseo_notices":[],"acf":[],"_links":{"self":[{"href":"https:\/\/jlegal.pt\/en\/wp-json\/wp\/v2\/posts\/9635","targetHints":{"allow":["GET"]}}],"collection":[{"href":"https:\/\/jlegal.pt\/en\/wp-json\/wp\/v2\/posts"}],"about":[{"href":"https:\/\/jlegal.pt\/en\/wp-json\/wp\/v2\/types\/post"}],"author":[{"embeddable":true,"href":"https:\/\/jlegal.pt\/en\/wp-json\/wp\/v2\/users\/1"}],"replies":[{"embeddable":true,"href":"https:\/\/jlegal.pt\/en\/wp-json\/wp\/v2\/comments?post=9635"}],"version-history":[{"count":1,"href":"https:\/\/jlegal.pt\/en\/wp-json\/wp\/v2\/posts\/9635\/revisions"}],"predecessor-version":[{"id":9637,"href":"https:\/\/jlegal.pt\/en\/wp-json\/wp\/v2\/posts\/9635\/revisions\/9637"}],"wp:featuredmedia":[{"embeddable":true,"href":"https:\/\/jlegal.pt\/en\/wp-json\/wp\/v2\/media\/9636"}],"wp:attachment":[{"href":"https:\/\/jlegal.pt\/en\/wp-json\/wp\/v2\/media?parent=9635"}],"wp:term":[{"taxonomy":"category","embeddable":true,"href":"https:\/\/jlegal.pt\/en\/wp-json\/wp\/v2\/categories?post=9635"},{"taxonomy":"post_tag","embeddable":true,"href":"https:\/\/jlegal.pt\/en\/wp-json\/wp\/v2\/tags?post=9635"}],"curies":[{"name":"wp","href":"https:\/\/api.w.org\/{rel}","templated":true}]}}