{"id":9663,"date":"2025-07-21T10:14:02","date_gmt":"2025-07-21T14:14:02","guid":{"rendered":"https:\/\/jlegal.pt\/?p=9663"},"modified":"2025-07-22T08:03:10","modified_gmt":"2025-07-22T12:03:10","slug":"jaime-carvalho-esteves-comentou-no-diario-da-manha-da-tvi-sobre-quinhoes-hereditarios-de-imoveis","status":"publish","type":"post","link":"https:\/\/jlegal.pt\/en\/jaime-carvalho-esteves-comentou-no-diario-da-manha-da-tvi-sobre-quinhoes-hereditarios-de-imoveis\/","title":{"rendered":"Jaime Carvalho Esteves comentou, no Di\u00e1rio da Manh\u00e3 da TVI, sobre quinh\u00f5es heredit\u00e1rios de im\u00f3veis"},"content":{"rendered":"<p>Jaime Carvalho Esteves, S\u00f3cio da \u00e1rea de <i>Tax and Private Clients<\/i> da J+Legal, marcou presen\u00e7a, na passada quinta feira, no programa Di\u00e1rio da Manh\u00e3, na TVI, para comentar o Ac\u00f3rd\u00e3o do Supremo Tribunal Administrativo que pro\u00edbe a Autoridade Tribut\u00e1ria de cobrar mais-valias sobre a venda de quinh\u00f5es heredit\u00e1rios de im\u00f3veis.<\/p>\n<p>Veja a entrevista completa em:\u00a0<a href=\"https:\/\/cnnportugal.iol.pt\/videos\/quinhoes-hereditarios-de-imoveis-deixam-de-pagar-irs-saiba-o-que-muda\/6878afc70cf2ba9f720f01e4\">https:\/\/cnnportugal.iol.pt\/videos\/quinhoes-hereditarios-de-imoveis-deixam-de-pagar-irs-saiba-o-que-muda\/6878afc70cf2ba9f720f01e4<\/a><\/p>\n<p><span data-teams=\"true\">\u00a0<\/span><\/p>","protected":false},"excerpt":{"rendered":"<p>Jaime Carvalho Esteves, S\u00f3cio da \u00e1rea de Tax and Private Clients da J+Legal, marcou presen\u00e7a, [&hellip;]<\/p>\n","protected":false},"author":1,"featured_media":9669,"comment_status":"open","ping_status":"open","sticky":false,"template":"","format":"standard","meta":{"footnotes":""},"categories":[5],"tags":[],"class_list":["post-9663","post","type-post","status-publish","format-standard","has-post-thumbnail","hentry","category-noticias"],"aioseo_notices":[],"acf":[],"_links":{"self":[{"href":"https:\/\/jlegal.pt\/en\/wp-json\/wp\/v2\/posts\/9663","targetHints":{"allow":["GET"]}}],"collection":[{"href":"https:\/\/jlegal.pt\/en\/wp-json\/wp\/v2\/posts"}],"about":[{"href":"https:\/\/jlegal.pt\/en\/wp-json\/wp\/v2\/types\/post"}],"author":[{"embeddable":true,"href":"https:\/\/jlegal.pt\/en\/wp-json\/wp\/v2\/users\/1"}],"replies":[{"embeddable":true,"href":"https:\/\/jlegal.pt\/en\/wp-json\/wp\/v2\/comments?post=9663"}],"version-history":[{"count":3,"href":"https:\/\/jlegal.pt\/en\/wp-json\/wp\/v2\/posts\/9663\/revisions"}],"predecessor-version":[{"id":9670,"href":"https:\/\/jlegal.pt\/en\/wp-json\/wp\/v2\/posts\/9663\/revisions\/9670"}],"wp:featuredmedia":[{"embeddable":true,"href":"https:\/\/jlegal.pt\/en\/wp-json\/wp\/v2\/media\/9669"}],"wp:attachment":[{"href":"https:\/\/jlegal.pt\/en\/wp-json\/wp\/v2\/media?parent=9663"}],"wp:term":[{"taxonomy":"category","embeddable":true,"href":"https:\/\/jlegal.pt\/en\/wp-json\/wp\/v2\/categories?post=9663"},{"taxonomy":"post_tag","embeddable":true,"href":"https:\/\/jlegal.pt\/en\/wp-json\/wp\/v2\/tags?post=9663"}],"curies":[{"name":"wp","href":"https:\/\/api.w.org\/{rel}","templated":true}]}}