{"id":9674,"date":"2025-08-27T10:34:07","date_gmt":"2025-08-27T14:34:07","guid":{"rendered":"https:\/\/jlegal.pt\/?p=9674"},"modified":"2025-08-27T10:34:20","modified_gmt":"2025-08-27T14:34:20","slug":"susana-monteverde-pereira-comenta-o-parecer-da-pgr-no-jornal-observador","status":"publish","type":"post","link":"https:\/\/jlegal.pt\/en\/susana-monteverde-pereira-comenta-o-parecer-da-pgr-no-jornal-observador\/","title":{"rendered":"Susana Monteverde Pereira comenta o parecer da PGR no Jornal Observador"},"content":{"rendered":"<p>Susana Monteverde Pereira, Associada S\u00e9nior do Departamento de Contencioso, Laboral e Propriedade Intelectual da J+Legal, comentou, para o Jornal Observador, o recente parecer da Procuradoria-Geral da Rep\u00fablica, homologado pelo Governo Portugu\u00eas, sobre a atua\u00e7\u00e3o policial.<\/p>\n<p>Leia o artigo completo aqui: <a href=\"https:\/\/drive.google.com\/file\/d\/1H3Gn07BeBpAuLmPjkO--zWB5gYf65lAs\/view?usp=sharing\">https:\/\/drive.google.com\/file\/d\/1H3Gn07BeBpAuLmPjkO&#8211;zWB5gYf65lAs\/view?usp=sharing<\/a><\/p>\n<p><span data-teams=\"true\">\u00a0<\/span><\/p>","protected":false},"excerpt":{"rendered":"<p>Susana Monteverde Pereira, Associada S\u00e9nior do Departamento de Contencioso, Laboral e Propriedade Intelectual da J+Legal, [&hellip;]<\/p>\n","protected":false},"author":1,"featured_media":9675,"comment_status":"open","ping_status":"open","sticky":false,"template":"","format":"standard","meta":{"footnotes":""},"categories":[5],"tags":[],"class_list":["post-9674","post","type-post","status-publish","format-standard","has-post-thumbnail","hentry","category-noticias"],"aioseo_notices":[],"acf":[],"_links":{"self":[{"href":"https:\/\/jlegal.pt\/en\/wp-json\/wp\/v2\/posts\/9674","targetHints":{"allow":["GET"]}}],"collection":[{"href":"https:\/\/jlegal.pt\/en\/wp-json\/wp\/v2\/posts"}],"about":[{"href":"https:\/\/jlegal.pt\/en\/wp-json\/wp\/v2\/types\/post"}],"author":[{"embeddable":true,"href":"https:\/\/jlegal.pt\/en\/wp-json\/wp\/v2\/users\/1"}],"replies":[{"embeddable":true,"href":"https:\/\/jlegal.pt\/en\/wp-json\/wp\/v2\/comments?post=9674"}],"version-history":[{"count":1,"href":"https:\/\/jlegal.pt\/en\/wp-json\/wp\/v2\/posts\/9674\/revisions"}],"predecessor-version":[{"id":9676,"href":"https:\/\/jlegal.pt\/en\/wp-json\/wp\/v2\/posts\/9674\/revisions\/9676"}],"wp:featuredmedia":[{"embeddable":true,"href":"https:\/\/jlegal.pt\/en\/wp-json\/wp\/v2\/media\/9675"}],"wp:attachment":[{"href":"https:\/\/jlegal.pt\/en\/wp-json\/wp\/v2\/media?parent=9674"}],"wp:term":[{"taxonomy":"category","embeddable":true,"href":"https:\/\/jlegal.pt\/en\/wp-json\/wp\/v2\/categories?post=9674"},{"taxonomy":"post_tag","embeddable":true,"href":"https:\/\/jlegal.pt\/en\/wp-json\/wp\/v2\/tags?post=9674"}],"curies":[{"name":"wp","href":"https:\/\/api.w.org\/{rel}","templated":true}]}}