{"id":9678,"date":"2025-09-12T07:45:44","date_gmt":"2025-09-12T11:45:44","guid":{"rendered":"https:\/\/jlegal.pt\/?p=9678"},"modified":"2025-09-12T07:45:44","modified_gmt":"2025-09-12T11:45:44","slug":"a-jlegal-assessorou-o-fundo-mch-private-equity","status":"publish","type":"post","link":"https:\/\/jlegal.pt\/en\/a-jlegal-assessorou-o-fundo-mch-private-equity\/","title":{"rendered":"A J+Legal assessorou o fundo MCH Private Equity"},"content":{"rendered":"<p>A J+Legal assessorou o fundo MCH Private Equity, atrav\u00e9s da sua participada Iberian Premium Fruits (IPF), em parceria com a SanLucar Fruit (SanLucar), na aquisi\u00e7\u00e3o <i>distressed<\/i> do Grupo Vale da Rosa, estruturada mediante a concess\u00e3o de um financiamento-ponte (<i>bridge loan<\/i>) com posterior convers\u00e3o em capital.<\/p>\n<p>A opera\u00e7\u00e3o, notificada \u00e0 Autoridade da Concorr\u00eancia e que foi objeto de uma decis\u00e3o de n\u00e3o oposi\u00e7\u00e3o, contou com a interven\u00e7\u00e3o de uma equipa da J+Legal coordenada por Jos\u00e9 Diogo Horta Os\u00f3rio e Rui Bello da Silva, que acompanhou todas as fases do processo, desde o desenho estrat\u00e9gico do plano de <i>turnaround<\/i> at\u00e9 ao acompanhamento dos processos especiais de revitaliza\u00e7\u00e3o, passando pela negocia\u00e7\u00e3o com os credores e pela estrutura\u00e7\u00e3o e negocia\u00e7\u00e3o do acordo parassocial celebrado entre os investidores e a fam\u00edlia fundadora do Grupo Vale da Rosa.<\/p>\n<p>A IPF, detida pela MCH Private Equity, dedica-se sobretudo \u00e0 produ\u00e7\u00e3o e distribui\u00e7\u00e3o de citrinos premium e outras categorias de fruta, estando presente em Espanha e na \u00c1frica do Sul. A SanLucar, por sua vez, \u00e9 uma empresa espanhola com atividade na produ\u00e7\u00e3o e distribui\u00e7\u00e3o de fruta fresca em diversas categorias, incluindo uvas, citrinos, morangos e frutos de caro\u00e7o, com presen\u00e7a em mercados europeus e ainda na Tun\u00edsia, \u00c1frica do Sul e Equador. J\u00e1 o Grupo Vale da Rosa, com sede em Portugal, \u00e9 reconhecido pela sua produ\u00e7\u00e3o e comercializa\u00e7\u00e3o grossista de uvas de mesa sem grainha premium, sob a marca Vale da Rosa.<\/p>\n<p><span data-teams=\"true\">Nesta transa\u00e7\u00e3o, a J+Legal trabalhou em estreita colabora\u00e7\u00e3o com o escrit\u00f3rio espanhol Anaford. A fam\u00edlia fundadora e o Grupo Vale da Rosa foram assessorados pela Ur\u00eda Men\u00e9ndez.<\/span><\/p>","protected":false},"excerpt":{"rendered":"<p>A J+Legal assessorou o fundo MCH Private Equity, atrav\u00e9s da sua participada Iberian Premium Fruits [&hellip;]<\/p>\n","protected":false},"author":1,"featured_media":9679,"comment_status":"open","ping_status":"open","sticky":false,"template":"","format":"standard","meta":{"footnotes":""},"categories":[5],"tags":[],"class_list":["post-9678","post","type-post","status-publish","format-standard","has-post-thumbnail","hentry","category-noticias"],"aioseo_notices":[],"acf":[],"_links":{"self":[{"href":"https:\/\/jlegal.pt\/en\/wp-json\/wp\/v2\/posts\/9678","targetHints":{"allow":["GET"]}}],"collection":[{"href":"https:\/\/jlegal.pt\/en\/wp-json\/wp\/v2\/posts"}],"about":[{"href":"https:\/\/jlegal.pt\/en\/wp-json\/wp\/v2\/types\/post"}],"author":[{"embeddable":true,"href":"https:\/\/jlegal.pt\/en\/wp-json\/wp\/v2\/users\/1"}],"replies":[{"embeddable":true,"href":"https:\/\/jlegal.pt\/en\/wp-json\/wp\/v2\/comments?post=9678"}],"version-history":[{"count":1,"href":"https:\/\/jlegal.pt\/en\/wp-json\/wp\/v2\/posts\/9678\/revisions"}],"predecessor-version":[{"id":9680,"href":"https:\/\/jlegal.pt\/en\/wp-json\/wp\/v2\/posts\/9678\/revisions\/9680"}],"wp:featuredmedia":[{"embeddable":true,"href":"https:\/\/jlegal.pt\/en\/wp-json\/wp\/v2\/media\/9679"}],"wp:attachment":[{"href":"https:\/\/jlegal.pt\/en\/wp-json\/wp\/v2\/media?parent=9678"}],"wp:term":[{"taxonomy":"category","embeddable":true,"href":"https:\/\/jlegal.pt\/en\/wp-json\/wp\/v2\/categories?post=9678"},{"taxonomy":"post_tag","embeddable":true,"href":"https:\/\/jlegal.pt\/en\/wp-json\/wp\/v2\/tags?post=9678"}],"curies":[{"name":"wp","href":"https:\/\/api.w.org\/{rel}","templated":true}]}}