{"id":9712,"date":"2025-10-22T10:00:46","date_gmt":"2025-10-22T14:00:46","guid":{"rendered":"https:\/\/jlegal.pt\/?p=9712"},"modified":"2025-10-22T10:32:18","modified_gmt":"2025-10-22T14:32:18","slug":"jlegal-reconhecida-pelo-itr-world-tax-2026-em-todas-as-areas-de-direito-fiscal","status":"publish","type":"post","link":"https:\/\/jlegal.pt\/en\/jlegal-reconhecida-pelo-itr-world-tax-2026-em-todas-as-areas-de-direito-fiscal\/","title":{"rendered":"J+Legal reconhecida pelo ITR World Tax 2026 em todas as \u00e1reas de Direito Fiscal"},"content":{"rendered":"<p>(PT) A J+Legal volta a ser distinguida pela prestigiada publica\u00e7\u00e3o internacional ITR World Tax, marcando presen\u00e7a em todas as \u00e1reas de Direito Fiscal na edi\u00e7\u00e3o de 2026 \u2014 um reconhecimento que refor\u00e7a o seu posicionamento como uma das sociedades de refer\u00eancia no panorama jur\u00eddico portugu\u00eas.<\/p>\n<p>Sob a lideran\u00e7a do s\u00f3cio Jaime Carvalho Esteves, classificado como Highly Regarded Practitioner, e do associado s\u00e9nior Manuel da Gama Quaresma, distinguido como Rising Star, a equipa da \u00e1rea de\u00a0Tax and Private Clients\u00a0da J+Legal continua a destacar-se pela consist\u00eancia, excel\u00eancia t\u00e9cnica e vis\u00e3o estrat\u00e9gica.<\/p>\n<p>A J+Legal mant\u00e9m uma trajet\u00f3ria de crescimento cont\u00ednuo, alcan\u00e7ando novas \u00e1reas e melhorando posi\u00e7\u00f5es ano ap\u00f3s ano, refletindo o seu compromisso com a qualidade, o rigor e a inova\u00e7\u00e3o no aconselhamento jur\u00eddico fiscal.<\/p>\n<p>Com presen\u00e7a destacada em General Corporate Tax, Indirect Tax, Transactional Tax, Tax Controversy e Private Client, a J+Legal consolida a sua reputa\u00e7\u00e3o como uma sociedade de advogados de excel\u00eancia em todas as vertentes do Direito Fiscal.<\/p>\n<p>____________________________<\/p>\n<p>(ING) J+Legal recognized by ITR World Tax 2026 across all Tax Law areas<\/p>\n<p>J+Legal has once again been recognized by the prestigious international publication ITR World Tax, appearing in all Tax Law areas in its 2026 edition \u2014 a distinction that reinforces its position as one of the leading law firms in the Portuguese legal landscape.<\/p>\n<p>Under the leadership of Jaime Carvalho Esteves, ranked as a Highly Regarded Practitioner, and Manuel da Gama Quaresma, recognized as a Rising Star, the J+Legal tax team continues to stand out for its consistency, technical excellence, and strategic insight.<\/p>\n<p>J+Legal maintains a path of steady growth, expanding into new areas and improving its rankings year after year, reflecting a continuous commitment to quality, rigor, and innovation in tax advisory and litigation.<\/p>\n<p>With recognized expertise in General Corporate Tax, Indirect Tax, Transactional Tax, Tax Controversy, and Private Clients, J+Legal consolidates its reputation as a law firm of excellence across all areas of Tax Law.<\/p>","protected":false},"excerpt":{"rendered":"<p>(PT) A J+Legal volta a ser distinguida pela prestigiada publica\u00e7\u00e3o internacional ITR World Tax, marcando [&hellip;]<\/p>\n","protected":false},"author":1,"featured_media":9718,"comment_status":"open","ping_status":"open","sticky":false,"template":"","format":"standard","meta":{"footnotes":""},"categories":[5],"tags":[],"class_list":["post-9712","post","type-post","status-publish","format-standard","has-post-thumbnail","hentry","category-noticias"],"aioseo_notices":[],"acf":[],"_links":{"self":[{"href":"https:\/\/jlegal.pt\/en\/wp-json\/wp\/v2\/posts\/9712","targetHints":{"allow":["GET"]}}],"collection":[{"href":"https:\/\/jlegal.pt\/en\/wp-json\/wp\/v2\/posts"}],"about":[{"href":"https:\/\/jlegal.pt\/en\/wp-json\/wp\/v2\/types\/post"}],"author":[{"embeddable":true,"href":"https:\/\/jlegal.pt\/en\/wp-json\/wp\/v2\/users\/1"}],"replies":[{"embeddable":true,"href":"https:\/\/jlegal.pt\/en\/wp-json\/wp\/v2\/comments?post=9712"}],"version-history":[{"count":3,"href":"https:\/\/jlegal.pt\/en\/wp-json\/wp\/v2\/posts\/9712\/revisions"}],"predecessor-version":[{"id":9721,"href":"https:\/\/jlegal.pt\/en\/wp-json\/wp\/v2\/posts\/9712\/revisions\/9721"}],"wp:featuredmedia":[{"embeddable":true,"href":"https:\/\/jlegal.pt\/en\/wp-json\/wp\/v2\/media\/9718"}],"wp:attachment":[{"href":"https:\/\/jlegal.pt\/en\/wp-json\/wp\/v2\/media?parent=9712"}],"wp:term":[{"taxonomy":"category","embeddable":true,"href":"https:\/\/jlegal.pt\/en\/wp-json\/wp\/v2\/categories?post=9712"},{"taxonomy":"post_tag","embeddable":true,"href":"https:\/\/jlegal.pt\/en\/wp-json\/wp\/v2\/tags?post=9712"}],"curies":[{"name":"wp","href":"https:\/\/api.w.org\/{rel}","templated":true}]}}