{"id":9742,"date":"2025-11-10T13:44:40","date_gmt":"2025-11-10T18:44:40","guid":{"rendered":"https:\/\/jlegal.pt\/?p=9742"},"modified":"2025-11-11T05:55:47","modified_gmt":"2025-11-11T10:55:47","slug":"jaime-carvalho-esteves-participou-no-debate-sobre-medidas-de-simplificacao-e-eficiencia-administrativa","status":"publish","type":"post","link":"https:\/\/jlegal.pt\/en\/jaime-carvalho-esteves-participou-no-debate-sobre-medidas-de-simplificacao-e-eficiencia-administrativa\/","title":{"rendered":"Jaime Carvalho Esteves participou no debate sobre medidas de simplifica\u00e7\u00e3o e efici\u00eancia administrativa"},"content":{"rendered":"<p>Jaime Carvalho Esteves, S\u00f3cio do departamento de Tax and Private Clients da J+Legal, marcou presen\u00e7a na reuni\u00e3o entre o F\u00f3rum para a Competitividade e o Ministro Adjunto e da Reforma do Estado, Gon\u00e7alo Saraiva Matias.<\/p>\n<p>Enquanto membro do Conselho Diretivo do F\u00f3rum para a Competitividade, Jaime Carvalho Esteves participou no debate sobre medidas de simplifica\u00e7\u00e3o e efici\u00eancia administrativa, com o objetivo de identificar oportunidades que tornem o Estado mais \u00e1gil e favor\u00e1vel \u00e0 atividade econ\u00f3mica.<\/p>\n<p>&nbsp;<\/p>","protected":false},"excerpt":{"rendered":"<p>Jaime Carvalho Esteves, S\u00f3cio do departamento de Tax and Private Clients da J+Legal, marcou presen\u00e7a [&hellip;]<\/p>\n","protected":false},"author":1,"featured_media":9743,"comment_status":"open","ping_status":"open","sticky":false,"template":"","format":"standard","meta":{"footnotes":""},"categories":[5],"tags":[],"class_list":["post-9742","post","type-post","status-publish","format-standard","has-post-thumbnail","hentry","category-noticias"],"aioseo_notices":[],"acf":[],"_links":{"self":[{"href":"https:\/\/jlegal.pt\/en\/wp-json\/wp\/v2\/posts\/9742","targetHints":{"allow":["GET"]}}],"collection":[{"href":"https:\/\/jlegal.pt\/en\/wp-json\/wp\/v2\/posts"}],"about":[{"href":"https:\/\/jlegal.pt\/en\/wp-json\/wp\/v2\/types\/post"}],"author":[{"embeddable":true,"href":"https:\/\/jlegal.pt\/en\/wp-json\/wp\/v2\/users\/1"}],"replies":[{"embeddable":true,"href":"https:\/\/jlegal.pt\/en\/wp-json\/wp\/v2\/comments?post=9742"}],"version-history":[{"count":3,"href":"https:\/\/jlegal.pt\/en\/wp-json\/wp\/v2\/posts\/9742\/revisions"}],"predecessor-version":[{"id":9746,"href":"https:\/\/jlegal.pt\/en\/wp-json\/wp\/v2\/posts\/9742\/revisions\/9746"}],"wp:featuredmedia":[{"embeddable":true,"href":"https:\/\/jlegal.pt\/en\/wp-json\/wp\/v2\/media\/9743"}],"wp:attachment":[{"href":"https:\/\/jlegal.pt\/en\/wp-json\/wp\/v2\/media?parent=9742"}],"wp:term":[{"taxonomy":"category","embeddable":true,"href":"https:\/\/jlegal.pt\/en\/wp-json\/wp\/v2\/categories?post=9742"},{"taxonomy":"post_tag","embeddable":true,"href":"https:\/\/jlegal.pt\/en\/wp-json\/wp\/v2\/tags?post=9742"}],"curies":[{"name":"wp","href":"https:\/\/api.w.org\/{rel}","templated":true}]}}