{"id":9764,"date":"2025-12-18T11:43:48","date_gmt":"2025-12-18T16:43:48","guid":{"rendered":"https:\/\/jlegal.pt\/?p=9764"},"modified":"2025-12-18T12:14:24","modified_gmt":"2025-12-18T17:14:24","slug":"16-a-edicao-das-jtalks-com-o-dr-luis-pais-antunes-presidente-do-conselho-economico-e-social","status":"publish","type":"post","link":"https:\/\/jlegal.pt\/en\/16-a-edicao-das-jtalks-com-o-dr-luis-pais-antunes-presidente-do-conselho-economico-e-social\/","title":{"rendered":"16.\u00aa edi\u00e7\u00e3o das J+Talks com o Dr. Lu\u00eds Pais Antunes, Presidente do Conselho Econ\u00f3mico e Social"},"content":{"rendered":"<p>A J+Legal recebeu na passada ter\u00e7a-feira, na 16.\u00aa edi\u00e7\u00e3o das J+Talks, o Dr. Lu\u00eds Pais Antunes, Presidente do Conselho Econ\u00f3mico e Social.<\/p>\n<p>\u00c9 incontest\u00e1vel que vivemos um momento particularmente turbulento na regula\u00e7\u00e3o das rela\u00e7\u00f5es laborais: com um contestado projeto governamental de revis\u00e3o do C\u00f3digo de Trabalho, que ter\u00e1 voltado \u00e0 mesa de negocia\u00e7\u00f5es, no rescaldo de uma greve geral que juntou as duas grandes centrais sindicais, o que ocorreu apenas pela quinta vez desde o 25 de abril de 1974, e com uma grande incerteza sobre o futuro das rela\u00e7\u00f5es de trabalho.<\/p>\n<p>N\u00e3o podia, por isso, ter havido momento melhor para recebermos o Lu\u00eds.<\/p>\n<p>Foram duas horas de animada conversa, em que muito aprendemos, e que nos permitiram olhar para o que se est\u00e1 a passar com olhos mais informados.<\/p>","protected":false},"excerpt":{"rendered":"<p>A J+Legal recebeu na passada ter\u00e7a-feira, na 16.\u00aa edi\u00e7\u00e3o das J+Talks, o Dr. Lu\u00eds Pais [&hellip;]<\/p>\n","protected":false},"author":1,"featured_media":9765,"comment_status":"open","ping_status":"open","sticky":false,"template":"","format":"standard","meta":{"footnotes":""},"categories":[5],"tags":[],"class_list":["post-9764","post","type-post","status-publish","format-standard","has-post-thumbnail","hentry","category-noticias"],"aioseo_notices":[],"acf":[],"_links":{"self":[{"href":"https:\/\/jlegal.pt\/en\/wp-json\/wp\/v2\/posts\/9764","targetHints":{"allow":["GET"]}}],"collection":[{"href":"https:\/\/jlegal.pt\/en\/wp-json\/wp\/v2\/posts"}],"about":[{"href":"https:\/\/jlegal.pt\/en\/wp-json\/wp\/v2\/types\/post"}],"author":[{"embeddable":true,"href":"https:\/\/jlegal.pt\/en\/wp-json\/wp\/v2\/users\/1"}],"replies":[{"embeddable":true,"href":"https:\/\/jlegal.pt\/en\/wp-json\/wp\/v2\/comments?post=9764"}],"version-history":[{"count":4,"href":"https:\/\/jlegal.pt\/en\/wp-json\/wp\/v2\/posts\/9764\/revisions"}],"predecessor-version":[{"id":9769,"href":"https:\/\/jlegal.pt\/en\/wp-json\/wp\/v2\/posts\/9764\/revisions\/9769"}],"wp:featuredmedia":[{"embeddable":true,"href":"https:\/\/jlegal.pt\/en\/wp-json\/wp\/v2\/media\/9765"}],"wp:attachment":[{"href":"https:\/\/jlegal.pt\/en\/wp-json\/wp\/v2\/media?parent=9764"}],"wp:term":[{"taxonomy":"category","embeddable":true,"href":"https:\/\/jlegal.pt\/en\/wp-json\/wp\/v2\/categories?post=9764"},{"taxonomy":"post_tag","embeddable":true,"href":"https:\/\/jlegal.pt\/en\/wp-json\/wp\/v2\/tags?post=9764"}],"curies":[{"name":"wp","href":"https:\/\/api.w.org\/{rel}","templated":true}]}}