{"id":9770,"date":"2025-12-22T13:09:38","date_gmt":"2025-12-22T18:09:38","guid":{"rendered":"https:\/\/jlegal.pt\/?p=9770"},"modified":"2025-12-22T13:20:52","modified_gmt":"2025-12-22T18:20:52","slug":"rui-bello-da-silva-comenta-para-o-forum-quem-e-quem-da-advocacia-de-negocios-2026","status":"publish","type":"post","link":"https:\/\/jlegal.pt\/en\/rui-bello-da-silva-comenta-para-o-forum-quem-e-quem-da-advocacia-de-negocios-2026\/","title":{"rendered":"Rui Bello da Silva comenta para o F\u00f3rum Quem \u00e9 Quem da Advocacia de Neg\u00f3cios 2026"},"content":{"rendered":"<p>A J+Legal integra o F\u00f3rum <i>Quem \u00e9 Quem da Advocacia de Neg\u00f3cios 2026<\/i>, do <i>Jornal Econ\u00f3mico<\/i>, atrav\u00e9s de Rui Bello da Silva, Associado S\u00e9nior do departamento de Corporate, M&amp;A e Private Equity da J+Legal.<\/p>\n<p>Na sua interven\u00e7\u00e3o, Rui Bello da Silva destaca que a Intelig\u00eancia Artificial deixar\u00e1 de ser encarada como uma ferramenta \u201cnova\u201d para assumir o papel de um verdadeiro segundo c\u00e9rebro das equipas, ampliando a capacidade anal\u00edtica e acelerando os processos de decis\u00e3o \u2014 sem nunca perder de vista o rigor, a qualidade e a confian\u00e7a que sustentam a advocacia.<\/p>\n<p>Num mercado cada vez mais competitivo, os clientes exigir\u00e3o valor tang\u00edvel, nomeadamente previsibilidade, clareza de custos e solu\u00e7\u00f5es que apoiem decis\u00f5es de neg\u00f3cio mais r\u00e1pidas. Neste contexto, os modelos tradicionais ser\u00e3o crescentemente desafiados por an\u00e1lises preditivas, automa\u00e7\u00e3o de processos, cloud integrada e uma ciber-resili\u00eancia refor\u00e7ada.<\/p>\n<p>O artigo completo est\u00e1 dispon\u00edvel no <i>Quem \u00e9 Quem do JE \u2013 Advocacia de Neg\u00f3cios<\/i>, onde s\u00e3o tamb\u00e9m abordados os desafios, oportunidades e a prepara\u00e7\u00e3o necess\u00e1ria dos jovens advogados para a advocacia de 2026.<\/p>\n<p>Leia o artigo completo em:\u00a0<a title=\"Quem \u00e9 Quem na Advocacia de Neg\u00f3cios em Portugal 2026\" href=\"https:\/\/drive.google.com\/file\/d\/1R3IxhRG6OJClqEKLuXCBDrDxWqg_NhBL\/view?usp=sharing\">Quem \u00e9 Quem na Advocacia de Neg\u00f3cios em Portugal 2026<\/a><\/p>","protected":false},"excerpt":{"rendered":"<p>A J+Legal integra o F\u00f3rum Quem \u00e9 Quem da Advocacia de Neg\u00f3cios 2026, do Jornal [&hellip;]<\/p>\n","protected":false},"author":1,"featured_media":9771,"comment_status":"open","ping_status":"open","sticky":false,"template":"","format":"standard","meta":{"footnotes":""},"categories":[5],"tags":[],"class_list":["post-9770","post","type-post","status-publish","format-standard","has-post-thumbnail","hentry","category-noticias"],"aioseo_notices":[],"acf":[],"_links":{"self":[{"href":"https:\/\/jlegal.pt\/en\/wp-json\/wp\/v2\/posts\/9770","targetHints":{"allow":["GET"]}}],"collection":[{"href":"https:\/\/jlegal.pt\/en\/wp-json\/wp\/v2\/posts"}],"about":[{"href":"https:\/\/jlegal.pt\/en\/wp-json\/wp\/v2\/types\/post"}],"author":[{"embeddable":true,"href":"https:\/\/jlegal.pt\/en\/wp-json\/wp\/v2\/users\/1"}],"replies":[{"embeddable":true,"href":"https:\/\/jlegal.pt\/en\/wp-json\/wp\/v2\/comments?post=9770"}],"version-history":[{"count":4,"href":"https:\/\/jlegal.pt\/en\/wp-json\/wp\/v2\/posts\/9770\/revisions"}],"predecessor-version":[{"id":9775,"href":"https:\/\/jlegal.pt\/en\/wp-json\/wp\/v2\/posts\/9770\/revisions\/9775"}],"wp:featuredmedia":[{"embeddable":true,"href":"https:\/\/jlegal.pt\/en\/wp-json\/wp\/v2\/media\/9771"}],"wp:attachment":[{"href":"https:\/\/jlegal.pt\/en\/wp-json\/wp\/v2\/media?parent=9770"}],"wp:term":[{"taxonomy":"category","embeddable":true,"href":"https:\/\/jlegal.pt\/en\/wp-json\/wp\/v2\/categories?post=9770"},{"taxonomy":"post_tag","embeddable":true,"href":"https:\/\/jlegal.pt\/en\/wp-json\/wp\/v2\/tags?post=9770"}],"curies":[{"name":"wp","href":"https:\/\/api.w.org\/{rel}","templated":true}]}}