{"id":9793,"date":"2026-02-11T11:56:47","date_gmt":"2026-02-11T16:56:47","guid":{"rendered":"https:\/\/jlegal.pt\/?p=9793"},"modified":"2026-02-25T13:25:44","modified_gmt":"2026-02-25T18:25:44","slug":"jlegal-assessora-acordo-estrategico-entre-tiago-marto-e-a-arrow-global-portugal-relativo-a-transfor-group","status":"publish","type":"post","link":"https:\/\/jlegal.pt\/en\/jlegal-assessora-acordo-estrategico-entre-tiago-marto-e-a-arrow-global-portugal-relativo-a-transfor-group\/","title":{"rendered":"J+Legal assessora acordo estrat\u00e9gico entre Tiago Marto e a Arrow Global Portugal relativo \u00e0 Transfor Group"},"content":{"rendered":"<p>A J+Legal assessorou Tiago Marto, fundador e acionista da Transfor, na concretiza\u00e7\u00e3o de um acordo estrat\u00e9gico com a Arrow Global Portugal que envolveu a entrada desta como acionista maiorit\u00e1rio no capital do Transfor Group e a cria\u00e7\u00e3o da CORA \u2013 <em>Collaborate. Optimize. Reinforce. Align.<\/em>, uma <em>holding<\/em> e <em>joint-venture<\/em> estrat\u00e9gica liderada pela Restart Capital.<\/p>\n<p>A CORA integra as empresas do Grupo Arrow na \u00e1rea industrial, designadamente a Viriato, a Aleluia Cer\u00e2micas e a Transfor Group, refor\u00e7ando a capacidade industrial, a efici\u00eancia operacional e o alinhamento estrat\u00e9gico entre empresas com um prop\u00f3sito comum.<\/p>\n<p>Esta opera\u00e7\u00e3o refor\u00e7a a estrat\u00e9gia de investimento em setores com elevado potencial de valoriza\u00e7\u00e3o industrial e cria\u00e7\u00e3o de valor. Como plataforma transversal, a CORA agrega as compet\u00eancias industriais e construtivas das empresas que a comp\u00f5em, com o objetivo de oferecer uma proposta de valor diferenciada e \u00fanica no mercado portugu\u00eas \u2013 aposta nas capacidades \u00fanicas de cada empresa, fomentar a coopera\u00e7\u00e3o, explorar sinergias.<\/p>\n<p>Segundo Jorge Brito Pereira, s\u00f3cio da J+Legal, \u201cesta opera\u00e7\u00e3o reflete a tend\u00eancia de consolida\u00e7\u00e3o e investimento em plataformas industriais integradas em Portugal, refor\u00e7ando a coopera\u00e7\u00e3o entre empresas com compet\u00eancias complementares e promovendo a cria\u00e7\u00e3o de valor no setor.\u201d<\/p>\n<p>A assessoria jur\u00eddica da J+Legal foi assegurada por Jorge Brito Pereira e Jaime Carvalho Esteves (s\u00f3cios) e Rui Bello da Silva e Manuel da Gama Quaresma (associados seniores).<\/p>","protected":false},"excerpt":{"rendered":"<p>A J+Legal assessorou Tiago Marto, fundador e acionista da Transfor, na concretiza\u00e7\u00e3o de um acordo [&hellip;]<\/p>\n","protected":false},"author":1,"featured_media":9794,"comment_status":"open","ping_status":"open","sticky":false,"template":"","format":"standard","meta":{"footnotes":""},"categories":[1],"tags":[],"class_list":["post-9793","post","type-post","status-publish","format-standard","has-post-thumbnail","hentry","category-uncategorized"],"aioseo_notices":[],"acf":[],"_links":{"self":[{"href":"https:\/\/jlegal.pt\/en\/wp-json\/wp\/v2\/posts\/9793","targetHints":{"allow":["GET"]}}],"collection":[{"href":"https:\/\/jlegal.pt\/en\/wp-json\/wp\/v2\/posts"}],"about":[{"href":"https:\/\/jlegal.pt\/en\/wp-json\/wp\/v2\/types\/post"}],"author":[{"embeddable":true,"href":"https:\/\/jlegal.pt\/en\/wp-json\/wp\/v2\/users\/1"}],"replies":[{"embeddable":true,"href":"https:\/\/jlegal.pt\/en\/wp-json\/wp\/v2\/comments?post=9793"}],"version-history":[{"count":4,"href":"https:\/\/jlegal.pt\/en\/wp-json\/wp\/v2\/posts\/9793\/revisions"}],"predecessor-version":[{"id":9806,"href":"https:\/\/jlegal.pt\/en\/wp-json\/wp\/v2\/posts\/9793\/revisions\/9806"}],"wp:featuredmedia":[{"embeddable":true,"href":"https:\/\/jlegal.pt\/en\/wp-json\/wp\/v2\/media\/9794"}],"wp:attachment":[{"href":"https:\/\/jlegal.pt\/en\/wp-json\/wp\/v2\/media?parent=9793"}],"wp:term":[{"taxonomy":"category","embeddable":true,"href":"https:\/\/jlegal.pt\/en\/wp-json\/wp\/v2\/categories?post=9793"},{"taxonomy":"post_tag","embeddable":true,"href":"https:\/\/jlegal.pt\/en\/wp-json\/wp\/v2\/tags?post=9793"}],"curies":[{"name":"wp","href":"https:\/\/api.w.org\/{rel}","templated":true}]}}