{"id":9803,"date":"2026-02-19T12:29:13","date_gmt":"2026-02-19T17:29:13","guid":{"rendered":"https:\/\/jlegal.pt\/?p=9803"},"modified":"2026-02-25T13:26:16","modified_gmt":"2026-02-25T18:26:16","slug":"jlegal-assessoria-a-atena-equity-partners","status":"publish","type":"post","link":"https:\/\/jlegal.pt\/en\/jlegal-assessoria-a-atena-equity-partners\/","title":{"rendered":"J+Legal assessora Atena Equity Partners"},"content":{"rendered":"<p>A J+Legal assessorou a Atena Equity Partners no seu investimento no Grupo Pontual, grupo que integra a Pontual \u2013 IT Business Solutions e a BNEXT \u2013 Accelerating Business.<\/p>\n<p>Atrav\u00e9s do fundo Atena III, a gestora de <em>private equity<\/em> passa a controlar o Grupo Pontual, que \u00e9 especialista em servi\u00e7os de tecnologias de informa\u00e7\u00e3o para pequenas e m\u00e9dias empresas (PMEs) em Portugal e Espanha. O grupo regista um volume de neg\u00f3cios de cerca de 12 milh\u00f5es de euros e emprega mais de 150 colaboradores, contando com 11 escrit\u00f3rios em Portugal e Espanha e uma carteira de mais de 3.500 clientes. A Pontual \u00e9 um operador de refer\u00eancia no segmento dos servi\u00e7os de IT <em>end-to-end<\/em> para PMEs, disponibilizando solu\u00e7\u00f5es integradas de transforma\u00e7\u00e3o digital, incluindo a implementa\u00e7\u00e3o de software corporativo, <em>managed services<\/em>, a gest\u00e3o de sistemas e de infraestruturas tecnol\u00f3gicas e o desenvolvimento de software.<\/p>\n<p>A opera\u00e7\u00e3o visa refor\u00e7ar a presen\u00e7a da Atena no setor das tecnologias de informa\u00e7\u00e3o e apoiar a estrat\u00e9gia de crescimento do Grupo Pontual em Portugal e Espanha, com enfoque na consolida\u00e7\u00e3o da sua posi\u00e7\u00e3o enquanto plataforma ib\u00e9rica de refer\u00eancia no setor.<\/p>\n<p>A assessoria jur\u00eddica da J+Legal foi liderada por Jorge Brito Pereira (s\u00f3cio) e por Rui Bello da Silva (associado s\u00e9nior), contando com a colabora\u00e7\u00e3o de Carolina Serrano Correia (associada) e de Jos\u00e9 Afonso Caiado (associado j\u00fanior), no \u00e2mbito das \u00e1reas de Societ\u00e1rio e M&amp;A, em articula\u00e7\u00e3o com os demais assessores envolvidos na opera\u00e7\u00e3o.<\/p>\n<p>Os vendedores foram assessorados pela Vieira de Almeida.<\/p>\n<p>Obrigado pela confian\u00e7a que em n\u00f3s depositaram.<\/p>","protected":false},"excerpt":{"rendered":"<p>A J+Legal assessorou a Atena Equity Partners no seu investimento no Grupo Pontual, grupo que [&hellip;]<\/p>\n","protected":false},"author":1,"featured_media":9804,"comment_status":"open","ping_status":"open","sticky":false,"template":"","format":"standard","meta":{"footnotes":""},"categories":[1],"tags":[],"class_list":["post-9803","post","type-post","status-publish","format-standard","has-post-thumbnail","hentry","category-uncategorized"],"aioseo_notices":[],"acf":[],"_links":{"self":[{"href":"https:\/\/jlegal.pt\/en\/wp-json\/wp\/v2\/posts\/9803","targetHints":{"allow":["GET"]}}],"collection":[{"href":"https:\/\/jlegal.pt\/en\/wp-json\/wp\/v2\/posts"}],"about":[{"href":"https:\/\/jlegal.pt\/en\/wp-json\/wp\/v2\/types\/post"}],"author":[{"embeddable":true,"href":"https:\/\/jlegal.pt\/en\/wp-json\/wp\/v2\/users\/1"}],"replies":[{"embeddable":true,"href":"https:\/\/jlegal.pt\/en\/wp-json\/wp\/v2\/comments?post=9803"}],"version-history":[{"count":2,"href":"https:\/\/jlegal.pt\/en\/wp-json\/wp\/v2\/posts\/9803\/revisions"}],"predecessor-version":[{"id":9807,"href":"https:\/\/jlegal.pt\/en\/wp-json\/wp\/v2\/posts\/9803\/revisions\/9807"}],"wp:featuredmedia":[{"embeddable":true,"href":"https:\/\/jlegal.pt\/en\/wp-json\/wp\/v2\/media\/9804"}],"wp:attachment":[{"href":"https:\/\/jlegal.pt\/en\/wp-json\/wp\/v2\/media?parent=9803"}],"wp:term":[{"taxonomy":"category","embeddable":true,"href":"https:\/\/jlegal.pt\/en\/wp-json\/wp\/v2\/categories?post=9803"},{"taxonomy":"post_tag","embeddable":true,"href":"https:\/\/jlegal.pt\/en\/wp-json\/wp\/v2\/tags?post=9803"}],"curies":[{"name":"wp","href":"https:\/\/api.w.org\/{rel}","templated":true}]}}