{"id":9813,"date":"2026-03-24T11:59:30","date_gmt":"2026-03-24T15:59:30","guid":{"rendered":"https:\/\/jlegal.pt\/?p=9813"},"modified":"2026-03-24T11:59:30","modified_gmt":"2026-03-24T15:59:30","slug":"jaime-carvalho-esteves-comenta-para-a-cnn-portugal-a-subida-do-preco-dos-combustiveis","status":"publish","type":"post","link":"https:\/\/jlegal.pt\/en\/jaime-carvalho-esteves-comenta-para-a-cnn-portugal-a-subida-do-preco-dos-combustiveis\/","title":{"rendered":"Jaime Carvalho Esteves comenta para a CNN Portugal a subida do pre\u00e7o dos combust\u00edveis"},"content":{"rendered":"<p>[PT] Como podem o IVA e o ISP ajudar a travar a subida dos pre\u00e7os dos combust\u00edveis?<\/p>\n<p>Jaime Carvalho Esteves, S\u00f3cio da \u00e1rea de Tax and Private Clients da J+Legal, analisa na CNN Portugal o papel destes instrumentos no combate \u00e0 escalada dos pre\u00e7os e ao impacto na infla\u00e7\u00e3o.<\/p>\n<p>&nbsp;<\/p>\n<p>[ENG] <span data-teams=\"true\">Ho<\/span><span data-teams=\"true\">w can VAT and the Special Tax on Petroleum Products help curb rising fuel prices?<\/span><\/p>\n<p><span data-teams=\"true\">Jaime Carvalho Esteves, Partner in the Tax and Private Clients practice at J+Legal, discusses on CNN Portugal the role of these measures in combating price increases and their impact on inflation.<\/span><\/p>\n<p>&nbsp;<\/p>\n","protected":false},"excerpt":{"rendered":"<p>[PT] Como podem o IVA e o ISP ajudar a travar a subida dos pre\u00e7os [&hellip;]<\/p>\n","protected":false},"author":1,"featured_media":9814,"comment_status":"open","ping_status":"open","sticky":false,"template":"","format":"standard","meta":{"footnotes":""},"categories":[1],"tags":[],"class_list":["post-9813","post","type-post","status-publish","format-standard","has-post-thumbnail","hentry","category-uncategorized"],"aioseo_notices":[],"acf":[],"_links":{"self":[{"href":"https:\/\/jlegal.pt\/en\/wp-json\/wp\/v2\/posts\/9813","targetHints":{"allow":["GET"]}}],"collection":[{"href":"https:\/\/jlegal.pt\/en\/wp-json\/wp\/v2\/posts"}],"about":[{"href":"https:\/\/jlegal.pt\/en\/wp-json\/wp\/v2\/types\/post"}],"author":[{"embeddable":true,"href":"https:\/\/jlegal.pt\/en\/wp-json\/wp\/v2\/users\/1"}],"replies":[{"embeddable":true,"href":"https:\/\/jlegal.pt\/en\/wp-json\/wp\/v2\/comments?post=9813"}],"version-history":[{"count":2,"href":"https:\/\/jlegal.pt\/en\/wp-json\/wp\/v2\/posts\/9813\/revisions"}],"predecessor-version":[{"id":9816,"href":"https:\/\/jlegal.pt\/en\/wp-json\/wp\/v2\/posts\/9813\/revisions\/9816"}],"wp:featuredmedia":[{"embeddable":true,"href":"https:\/\/jlegal.pt\/en\/wp-json\/wp\/v2\/media\/9814"}],"wp:attachment":[{"href":"https:\/\/jlegal.pt\/en\/wp-json\/wp\/v2\/media?parent=9813"}],"wp:term":[{"taxonomy":"category","embeddable":true,"href":"https:\/\/jlegal.pt\/en\/wp-json\/wp\/v2\/categories?post=9813"},{"taxonomy":"post_tag","embeddable":true,"href":"https:\/\/jlegal.pt\/en\/wp-json\/wp\/v2\/tags?post=9813"}],"curies":[{"name":"wp","href":"https:\/\/api.w.org\/{rel}","templated":true}]}}